{"id":46046,"date":"2021-12-04T20:24:19","date_gmt":"2021-12-05T00:24:19","guid":{"rendered":"https:\/\/estrellasyredes.net\/?p=46046"},"modified":"2021-12-04T20:24:19","modified_gmt":"2021-12-05T00:24:19","slug":"ninel-conde-dice-tomara-acciones-legales-tambien-en-eeuu-contra-periodista-que-la-ligo-al-narco","status":"publish","type":"post","link":"https:\/\/ahoramasrd.com.do\/?p=46046","title":{"rendered":"Ninel Conde dice tomar\u00e1 acciones legales tambi\u00e9n en EEUU contra periodista que la lig\u00f3 al narco"},"content":{"rendered":"\n<p><strong>Ninel Conde<\/strong>&nbsp;afirm\u00f3 que su equipo de abogados ya analiza el&nbsp;<strong>demandar a Anabel Hern\u00e1ndez<\/strong>&nbsp;por su publicaci\u00f3n&nbsp;<em><strong>Emma y las otras se\u00f1oras del narco<\/strong><\/em>.<\/p>\n\n\n\n<p>La actriz, de nueva ocasi\u00f3n, desminti\u00f3 su cercan\u00eda con los capos. \u201cLa bomb\u00f3n asesino\u201d se\u00f1al\u00f3 que sus representantes legales de M\u00e9xico y&nbsp;<a href=\"https:\/\/deultimominuto.net\/diferencias-entre-la-solicitud-de-visa-para-estados-unidos-y-europa\/\">Estados Unidos<\/a>&nbsp;buscar\u00e1n las represalias contra la periodista y autora.<\/p>\n\n\n\n<p>Seg\u00fan\u00a0<strong>Anabel Hern\u00e1ndez<\/strong>, Ninel Conde estar\u00eda involucrada en una\u00a0<strong>triangulaci\u00f3n de lavado de dinero<\/strong>. El escrito de la periodista se sum\u00f3 al se\u00f1alamiento que se le hizo en 2018 donde presuntamente la actriz y cantante tendr\u00eda relaci\u00f3n con el\u00a0<strong>C\u00e1rtel Jalisco Nueva Generaci\u00f3n<\/strong>\u00a0y el c\u00e1rtel de\u00a0<strong>Los Cuinis<\/strong>.<\/p>\n\n\n\n<p>En entrevista para el programa&nbsp;<em>De primera mano<\/em>, \u201cLa bomb\u00f3n asesino\u201d se expres\u00f3 sobre los se\u00f1alamientos: \u201c<strong>Es totalmente falso<\/strong>, no habr\u00eda ni por donde empezar con esta novela.<\/p>\n\n\n\n<p>De tanta cosa, ni por donde empezar a desmentir. Mis abogados me han pedido que no d\u00e9 comentarios al respecto, m\u00e1s que&nbsp;<strong>informar que est\u00e1 en manos de mi equipo legal tanto de M\u00e9xico como de Estados Unidos<\/strong>\u201d.<\/p>\n\n\n\n<p>\u201c<strong>Se va a aclarar en donde se tenga que aclarar<\/strong>, pues s\u00ed es un tema bastante delicado. Seguir\u00e9 trabajando como siempre lo he hecho y&nbsp;<strong>mis abogados se van a encargar de lo dem\u00e1s<\/strong>\u201d, a\u00f1adi\u00f3 Ninel Conde.<\/p>\n\n\n\n<p>Gustavo Adolfo Infante, quien realiz\u00f3 la entrevista con la actriz, destac\u00f3 que tambi\u00e9n le coment\u00f3 que las acciones legales tambi\u00e9n&nbsp;<strong>podr\u00edan afectar a la editorial del libro<\/strong>. Seg\u00fan el presentador de&nbsp;<em>De primera mano<\/em>, si no se deslindan de la autora, la casa publicadora tambi\u00e9n podr\u00e1 ser demandada por Ninel Conde.<\/p>\n","protected":false},"excerpt":{"rendered":"<p>Ninel Conde&nbsp;afirm\u00f3 que su equipo de abogados ya analiza el&nbsp;demandar a Anabel Hern\u00e1ndez&nbsp;por su publicaci\u00f3n&nbsp;Emma y las otras se\u00f1oras del narco. La actriz, de nueva ocasi\u00f3n, desminti\u00f3 su cercan\u00eda con los capos. \u201cLa bomb\u00f3n asesino\u201d se\u00f1al\u00f3 que sus representantes legales de M\u00e9xico y&nbsp;Estados Unidos&nbsp;buscar\u00e1n las represalias contra la periodista y autora. Seg\u00fan\u00a0Anabel Hern\u00e1ndez, Ninel Conde [&hellip;]<\/p>\n","protected":false},"author":1,"featured_media":46047,"comment_status":"open","ping_status":"open","sticky":false,"template":"","format":"standard","meta":{"footnotes":""},"categories":[55],"tags":[53,548],"class_list":{"0":"post-46046","1":"post","2":"type-post","3":"status-publish","4":"format-standard","5":"has-post-thumbnail","7":"category-entretenimiento","8":"tag-estrellas-y-redes","9":"tag-ninel-conde"},"aioseo_notices":[],"amp_enabled":false,"_links":{"self":[{"href":"https:\/\/ahoramasrd.com.do\/index.php?rest_route=\/wp\/v2\/posts\/46046","targetHints":{"allow":["GET"]}}],"collection":[{"href":"https:\/\/ahoramasrd.com.do\/index.php?rest_route=\/wp\/v2\/posts"}],"about":[{"href":"https:\/\/ahoramasrd.com.do\/index.php?rest_route=\/wp\/v2\/types\/post"}],"author":[{"embeddable":true,"href":"https:\/\/ahoramasrd.com.do\/index.php?rest_route=\/wp\/v2\/users\/1"}],"replies":[{"embeddable":true,"href":"https:\/\/ahoramasrd.com.do\/index.php?rest_route=%2Fwp%2Fv2%2Fcomments&post=46046"}],"version-history":[{"count":0,"href":"https:\/\/ahoramasrd.com.do\/index.php?rest_route=\/wp\/v2\/posts\/46046\/revisions"}],"wp:featuredmedia":[{"embeddable":true,"href":"https:\/\/ahoramasrd.com.do\/index.php?rest_route=\/"}],"wp:attachment":[{"href":"https:\/\/ahoramasrd.com.do\/index.php?rest_route=%2Fwp%2Fv2%2Fmedia&parent=46046"}],"wp:term":[{"taxonomy":"category","embeddable":true,"href":"https:\/\/ahoramasrd.com.do\/index.php?rest_route=%2Fwp%2Fv2%2Fcategories&post=46046"},{"taxonomy":"post_tag","embeddable":true,"href":"https:\/\/ahoramasrd.com.do\/index.php?rest_route=%2Fwp%2Fv2%2Ftags&post=46046"}],"curies":[{"name":"wp","href":"https:\/\/api.w.org\/{rel}","templated":true}]}}