{"id":46087,"date":"2021-12-05T21:00:36","date_gmt":"2021-12-06T01:00:36","guid":{"rendered":"https:\/\/estrellasyredes.net\/?p=46087"},"modified":"2021-12-05T21:00:36","modified_gmt":"2021-12-06T01:00:36","slug":"el-alfa-contrae-matrimonio-con-la-madre-de-sus-hijos-en-una-ceremonia-privada","status":"publish","type":"post","link":"https:\/\/ahoramasrd.com.do\/?p=46087","title":{"rendered":"El Alfa contrae matrimonio con la madre de sus hijos en una ceremonia privada"},"content":{"rendered":"\n<p>Santo Domingo.- El cantante dominicano de m\u00fasica urbana Enmanuel Herrera, mejor conocido como El Alfa, se cas\u00f3 la tarde de este domingo con la madre de sus hijos, Alba Rosa.<\/p>\n\n\n\n<p>En una ceremonia en el hotel El Embajador, el int\u00e9rprete se rode\u00f3 de sus familiares, amigos y colaboradores muy cercanos, con quienes se dej\u00f3 ver en las redes sociales con bonitos mensajes.<\/p>\n\n\n\n<p>\u00abHoy el cielo est\u00e1 de fiesta, di el paso m\u00e1s importante de mi vida poniendo mi matrimonio y mi familia en las manos de Dios\u00bb, escribi\u00f3 al pie de una serie de fotos que lo mostr\u00f3 en el altar con Alba.<\/p>\n\n\n\n<p>En ese mismo mensaje dijo que \u00aba partir de este momento mis d\u00edas en la m\u00fasica y el mundo de la perdici\u00f3n est\u00e1n contados, en 4 a\u00f1os le voy a entregar mi alma a Dios!!\u00bb.<\/p>\n\n\n\n<p>Afirm\u00f3 que su meta \u00abes ser el mejor esposo, padre e hijo. Mi familia se lo merece!!\u00bb.<\/p>\n\n\n\n<p>\u00abAlba eres la mejor esposa del mundo, soy El Alfa y Enmanuel gracias a ti\u00bb, p\u00fablico el int\u00e9rprete en la famosa red social\u00bb.<\/p>\n\n\n\n<p>Alba y El Alfa han procreado dos ni\u00f1os fruto de su relaci\u00f3n.<\/p>\n\n\n\n<blockquote class=\"instagram-media\" data-instgrm-captioned data-instgrm-permalink=\"https:\/\/www.instagram.com\/p\/CXHpJtqgTI9\/?utm_source=ig_embed&amp;utm_campaign=loading\" data-instgrm-version=\"14\" style=\"background:#FFF;border:0;border-radius:3px;margin: 1px;max-width:540px;min-width:326px;padding:0;width:99.375%;width:-webkit-calc(100% - 2px);width:calc(100% - 2px)\"><div style=\"padding:16px\"> <a href=\"https:\/\/www.instagram.com\/p\/CXHpJtqgTI9\/?utm_source=ig_embed&amp;utm_campaign=loading\" style=\"background:#FFFFFF;line-height:0;padding:0 0;text-align:center;text-decoration:none;width:100%\" target=\"_blank\" rel=\"noopener\"> <div style=\"flex-direction: row;align-items: center\"> <div style=\"background-color: #F4F4F4;border-radius: 50%;flex-grow: 0;height: 40px;margin-right: 14px;width: 40px\"><\/div> <div style=\"flex-direction: column;flex-grow: 1;justify-content: center\"> <div style=\"background-color: #F4F4F4;border-radius: 4px;flex-grow: 0;height: 14px;margin-bottom: 6px;width: 100px\"><\/div> <div style=\"background-color: #F4F4F4;border-radius: 4px;flex-grow: 0;height: 14px;width: 60px\"><\/div><\/div><\/div><div style=\"padding: 19% 0\"><\/div> <div style=\"height:50px;margin:0 auto 12px;width:50px\"><\/div><div style=\"padding-top: 8px\"> <div style=\"color:#3897f0;font-family:Arial,sans-serif;font-size:14px;font-style:normal;font-weight:550;line-height:18px\">Ver esta publicaci\u00f3n en Instagram<\/div><\/div><div style=\"padding: 12.5% 0\"><\/div> <div style=\"flex-direction: row;margin-bottom: 14px;align-items: center\"><div> <div style=\"background-color: #F4F4F4;border-radius: 50%;height: 12.5px;width: 12.5px\"><\/div> <div style=\"background-color: #F4F4F4;height: 12.5px;width: 12.5px;flex-grow: 0;margin-right: 14px;margin-left: 2px\"><\/div> <div style=\"background-color: #F4F4F4;border-radius: 50%;height: 12.5px;width: 12.5px\"><\/div><\/div><div style=\"margin-left: 8px\"> <div style=\"background-color: #F4F4F4;border-radius: 50%;flex-grow: 0;height: 20px;width: 20px\"><\/div> <div style=\"width: 0;height: 0;border-top: 2px solid transparent;border-left: 6px solid #f4f4f4;border-bottom: 2px solid transparent\"><\/div><\/div><div style=\"margin-left: auto\"> <div style=\"width: 0px;border-top: 8px solid #F4F4F4;border-right: 8px solid transparent\"><\/div> <div style=\"background-color: #F4F4F4;flex-grow: 0;height: 12px;width: 16px\"><\/div> <div style=\"width: 0;height: 0;border-top: 8px solid #F4F4F4;border-left: 8px solid transparent\"><\/div><\/div><\/div> <div style=\"flex-direction: column;flex-grow: 1;justify-content: center;margin-bottom: 24px\"> <div style=\"background-color: #F4F4F4;border-radius: 4px;flex-grow: 0;height: 14px;margin-bottom: 6px;width: 224px\"><\/div> <div style=\"background-color: #F4F4F4;border-radius: 4px;flex-grow: 0;height: 14px;width: 144px\"><\/div><\/div><\/a><p style=\"color:#c9c8cd;font-family:Arial,sans-serif;font-size:14px;line-height:17px;margin-bottom:0;margin-top:8px;overflow:hidden;padding:8px 0 7px;text-align:center\"><a href=\"https:\/\/www.instagram.com\/p\/CXHpJtqgTI9\/?utm_source=ig_embed&amp;utm_campaign=loading\" style=\"color:#c9c8cd;font-family:Arial,sans-serif;font-size:14px;font-style:normal;font-weight:normal;line-height:17px;text-decoration:none\" target=\"_blank\" rel=\"noopener\">Una publicaci\u00f3n compartida de El Alfa El Jefe TE AMO DIOS (@elalfaeljefe)<\/a><\/p><\/div><\/blockquote> \n","protected":false},"excerpt":{"rendered":"<p>Santo Domingo.- El cantante dominicano de m\u00fasica urbana Enmanuel Herrera, mejor conocido como El Alfa, se cas\u00f3 la tarde de este domingo con la madre de sus hijos, Alba Rosa. En una ceremonia en el hotel El Embajador, el int\u00e9rprete se rode\u00f3 de sus familiares, amigos y colaboradores muy cercanos, con quienes se dej\u00f3 ver [&hellip;]<\/p>\n","protected":false},"author":1,"featured_media":46088,"comment_status":"open","ping_status":"open","sticky":false,"template":"","format":"standard","meta":{"footnotes":""},"categories":[55],"tags":[528,53,58],"class_list":{"0":"post-46087","1":"post","2":"type-post","3":"status-publish","4":"format-standard","5":"has-post-thumbnail","7":"category-entretenimiento","8":"tag-el-alfa","9":"tag-estrellas-y-redes","10":"tag-republica-dominicana"},"aioseo_notices":[],"amp_enabled":false,"_links":{"self":[{"href":"https:\/\/ahoramasrd.com.do\/index.php?rest_route=\/wp\/v2\/posts\/46087","targetHints":{"allow":["GET"]}}],"collection":[{"href":"https:\/\/ahoramasrd.com.do\/index.php?rest_route=\/wp\/v2\/posts"}],"about":[{"href":"https:\/\/ahoramasrd.com.do\/index.php?rest_route=\/wp\/v2\/types\/post"}],"author":[{"embeddable":true,"href":"https:\/\/ahoramasrd.com.do\/index.php?rest_route=\/wp\/v2\/users\/1"}],"replies":[{"embeddable":true,"href":"https:\/\/ahoramasrd.com.do\/index.php?rest_route=%2Fwp%2Fv2%2Fcomments&post=46087"}],"version-history":[{"count":0,"href":"https:\/\/ahoramasrd.com.do\/index.php?rest_route=\/wp\/v2\/posts\/46087\/revisions"}],"wp:featuredmedia":[{"embeddable":true,"href":"https:\/\/ahoramasrd.com.do\/index.php?rest_route=\/"}],"wp:attachment":[{"href":"https:\/\/ahoramasrd.com.do\/index.php?rest_route=%2Fwp%2Fv2%2Fmedia&parent=46087"}],"wp:term":[{"taxonomy":"category","embeddable":true,"href":"https:\/\/ahoramasrd.com.do\/index.php?rest_route=%2Fwp%2Fv2%2Fcategories&post=46087"},{"taxonomy":"post_tag","embeddable":true,"href":"https:\/\/ahoramasrd.com.do\/index.php?rest_route=%2Fwp%2Fv2%2Ftags&post=46087"}],"curies":[{"name":"wp","href":"https:\/\/api.w.org\/{rel}","templated":true}]}}