{"id":46305,"date":"2021-12-09T11:56:35","date_gmt":"2021-12-09T15:56:35","guid":{"rendered":"https:\/\/estrellasyredes.net\/?p=46305"},"modified":"2021-12-09T11:56:35","modified_gmt":"2021-12-09T15:56:35","slug":"fallece-el-legendario-salsero-paquito-guzman-tras-una-dura-batalla-contra-el-cancer","status":"publish","type":"post","link":"https:\/\/ahoramasrd.com.do\/?p=46305","title":{"rendered":"Fallece el legendario salsero Paquito Guzm\u00e1n tras una dura batalla contra el c\u00e1ncer"},"content":{"rendered":"\n<p>El \u00edcono de la salsa,&nbsp;Frank Guzm\u00e1n Geigel, conocido en la industria de la m\u00fasica como&nbsp;Paquito Guzm\u00e1n, falleci\u00f3 este jueves a los 82 a\u00f1os,&nbsp;inform\u00f3 su familia en comunicado de prensa.<\/p>\n\n\n\n<p>El artista muri\u00f3 rodeado del amor de su familia y en compa\u00f1\u00eda de su esposa, Carmen y sus hijos. El int\u00e9rprete falleci\u00f3 en su hogar en Toa Baja, tras una larga batalla contra el c\u00e1ncer.<\/p>\n\n\n\n<p>\u201cHan sido muchas las muestras y llamadas que hemos recibido, por eso le pedimos espacio para procesar este triste momento. Pedimos un poco de tiempo para asimilar esta dura p\u00e9rdida. Nuevamente, gracias a Puerto Rico y a todos los fan\u00e1ticos del mundo\u201d,&nbsp;indic\u00f3 una de sus nietas a nombre de la familia.<\/p>\n\n\n\n<p>Paquito Guzm\u00e1n comenz\u00f3 su exitosa trayectoria musical a principios de los a\u00f1os 60 y por d\u00e9cadas cultiv\u00f3 \u00e9xitos en diversos g\u00e9neros como el bolero, la guajira, la guaracha y la salsa. El cantante form\u00f3 parte del Tr\u00edo Los Primos de Rafael Scharr\u00f3n y Tat\u00edn Vale, el Conjunto Cachana de Joe Quijano, pero, su inigualable estilo alcanz\u00f3 mayor popularidad y consolid\u00f3 su carrera en la m\u00fasica cuando se uni\u00f3 a la Orquesta La Primer\u00edsima de Tommy Olivencia. Paquito tambi\u00e9n se desarroll\u00f3 y conquist\u00f3 el \u00e9xito como solista, logrando que su voz trascendiera las fronteras de Estados Unidos y Puerto Rico y se convirtiera en un \u00eddolo en pa\u00edses como Venezuela, Colombia y Per\u00fa.<\/p>\n\n\n\n<p>Respetando el \u00faltimo deseo del artista no se realizar\u00e1n actos f\u00fanebres.&nbsp;Cualquier informaci\u00f3n adicional ser\u00e1 ofrecida m\u00e1s adelante por la familia Guzm\u00e1n Ruiz.<\/p>\n","protected":false},"excerpt":{"rendered":"<p>El \u00edcono de la salsa,&nbsp;Frank Guzm\u00e1n Geigel, conocido en la industria de la m\u00fasica como&nbsp;Paquito Guzm\u00e1n, falleci\u00f3 este jueves a los 82 a\u00f1os,&nbsp;inform\u00f3 su familia en comunicado de prensa. El artista muri\u00f3 rodeado del amor de su familia y en compa\u00f1\u00eda de su esposa, Carmen y sus hijos. El int\u00e9rprete falleci\u00f3 en su hogar en [&hellip;]<\/p>\n","protected":false},"author":1,"featured_media":46307,"comment_status":"open","ping_status":"open","sticky":false,"template":"","format":"standard","meta":{"footnotes":""},"categories":[55],"tags":[53,567],"class_list":{"0":"post-46305","1":"post","2":"type-post","3":"status-publish","4":"format-standard","5":"has-post-thumbnail","7":"category-entretenimiento","8":"tag-estrellas-y-redes","9":"tag-paquito-guzman"},"aioseo_notices":[],"amp_enabled":false,"_links":{"self":[{"href":"https:\/\/ahoramasrd.com.do\/index.php?rest_route=\/wp\/v2\/posts\/46305","targetHints":{"allow":["GET"]}}],"collection":[{"href":"https:\/\/ahoramasrd.com.do\/index.php?rest_route=\/wp\/v2\/posts"}],"about":[{"href":"https:\/\/ahoramasrd.com.do\/index.php?rest_route=\/wp\/v2\/types\/post"}],"author":[{"embeddable":true,"href":"https:\/\/ahoramasrd.com.do\/index.php?rest_route=\/wp\/v2\/users\/1"}],"replies":[{"embeddable":true,"href":"https:\/\/ahoramasrd.com.do\/index.php?rest_route=%2Fwp%2Fv2%2Fcomments&post=46305"}],"version-history":[{"count":0,"href":"https:\/\/ahoramasrd.com.do\/index.php?rest_route=\/wp\/v2\/posts\/46305\/revisions"}],"wp:featuredmedia":[{"embeddable":true,"href":"https:\/\/ahoramasrd.com.do\/index.php?rest_route=\/"}],"wp:attachment":[{"href":"https:\/\/ahoramasrd.com.do\/index.php?rest_route=%2Fwp%2Fv2%2Fmedia&parent=46305"}],"wp:term":[{"taxonomy":"category","embeddable":true,"href":"https:\/\/ahoramasrd.com.do\/index.php?rest_route=%2Fwp%2Fv2%2Fcategories&post=46305"},{"taxonomy":"post_tag","embeddable":true,"href":"https:\/\/ahoramasrd.com.do\/index.php?rest_route=%2Fwp%2Fv2%2Ftags&post=46305"}],"curies":[{"name":"wp","href":"https:\/\/api.w.org\/{rel}","templated":true}]}}