{"id":47373,"date":"2022-01-07T08:49:03","date_gmt":"2022-01-07T12:49:03","guid":{"rendered":"https:\/\/estrellasyredes.net\/?p=47373"},"modified":"2022-01-07T08:49:03","modified_gmt":"2022-01-07T12:49:03","slug":"conozca-las-designaciones-diplomaticas-y-consulares-realizadas-por-abinader-a-principios-de-diciembre","status":"publish","type":"post","link":"https:\/\/ahoramasrd.com.do\/?p=47373","title":{"rendered":"Conozca las designaciones diplom\u00e1ticas y consulares realizadas por Abinader a principios de diciembre"},"content":{"rendered":"\n<p>A trav\u00e9s de varios decretos el presidente Luis Abinader design\u00f3 a principios de diciembre de 2021, varios funcionarios diplom\u00e1ticos y consulares en el servicio exterior.<\/p>\n\n\n\n<p>Mediante el decreto 769-21, el mandatario design\u00f3 a Adriano Rojas vicec\u00f3nsul en el consulado de Rep\u00fablica Dominicana en Philipsburg, San Mart\u00edn; a Francisco Antonio Mateo Ram\u00edrez vicec\u00f3nsul en el consulado dominicano en San Pedro Sula, en Honduras y a Bol\u00edvar Antonio Medina Guerrero vicec\u00f3nsul en Sao Paulo, Brasil.<\/p>\n\n\n\n<p>Asimismo C\u00e9sar El\u00edas Prieto Abinader fue designado ministro consejero en el servicio interno del Ministerio de Relaciones Exteriores y Rosanna Astacio Castillo auxiliar consular en el consulado dominicano en Amberes, Reino de B\u00e9lgica.<\/p>\n\n\n\n<p>Este decreto deroga el art\u00edculo 23 del decreto 558-20 del 15 de octubre de 2020, que derogaba, a su vez, la designaci\u00f3n de \u201cRuth Silvana Herrera Placencia, auxiliar en el Consulado de la Rep\u00fablica Dominicana en Sao Paulo, Rep\u00fablica Federativa de Brasil\u201d.<\/p>\n\n\n\n<p>Tambi\u00e9n, a trav\u00e9s del 770-21 el Poder Ejecutivo design\u00f3 a David Emmanuel Puig Buchel como embajador extraordinario y plenipotenciario, concurrente, de la Rep\u00fablica Dominicana en Nepal, con sede en la Rep\u00fablica de la India.<\/p>\n\n\n\n<p>Mediante el 771-21, de igual forma, Puig Buchel qued\u00f3 designado como embajador extraordinario y plenipotenciario, concurrente, de la Rep\u00fablica en Maldivas, con sede en la India.<\/p>\n\n\n\n<p>Otras designaciones realizadas a trav\u00e9s del decreto 770-21 fue la de Georges Bahsa Hazim, como embajador extraordinario y plenipotenciario, concurrente, de la Rep\u00fablica Dominicana en la Rep\u00fablica de Djibouti, con sede en el Estado de Qatar.<\/p>\n\n\n\n<p>Adem\u00e1s se design\u00f3 a Jaime Yorquis Francisco Rodr\u00edguez como embajador extraordinario y plenipotenciario de la Rep\u00fablica Dominicana en la Rep\u00fablica Socialista de Vietnam.<\/p>\n\n\n\n<p>Todos los decretos fueron enviados al Ministerio de Relaciones Exteriores para su conocimiento y ejecuci\u00f3n.<\/p>\n","protected":false},"excerpt":{"rendered":"<p>A trav\u00e9s de varios decretos el presidente Luis Abinader design\u00f3 a principios de diciembre de 2021, varios funcionarios diplom\u00e1ticos y consulares en el servicio exterior. Mediante el decreto 769-21, el mandatario design\u00f3 a Adriano Rojas vicec\u00f3nsul en el consulado de Rep\u00fablica Dominicana en Philipsburg, San Mart\u00edn; a Francisco Antonio Mateo Ram\u00edrez vicec\u00f3nsul en el consulado [&hellip;]<\/p>\n","protected":false},"author":1,"featured_media":43353,"comment_status":"open","ping_status":"open","sticky":false,"template":"","format":"standard","meta":{"footnotes":""},"categories":[44],"tags":[53,91,93,443],"class_list":{"0":"post-47373","1":"post","2":"type-post","3":"status-publish","4":"format-standard","5":"has-post-thumbnail","7":"category-actualidad","8":"tag-estrellas-y-redes","9":"tag-gobierno-rd","10":"tag-luis-abinader","11":"tag-mirex"},"aioseo_notices":[],"amp_enabled":false,"_links":{"self":[{"href":"https:\/\/ahoramasrd.com.do\/index.php?rest_route=\/wp\/v2\/posts\/47373","targetHints":{"allow":["GET"]}}],"collection":[{"href":"https:\/\/ahoramasrd.com.do\/index.php?rest_route=\/wp\/v2\/posts"}],"about":[{"href":"https:\/\/ahoramasrd.com.do\/index.php?rest_route=\/wp\/v2\/types\/post"}],"author":[{"embeddable":true,"href":"https:\/\/ahoramasrd.com.do\/index.php?rest_route=\/wp\/v2\/users\/1"}],"replies":[{"embeddable":true,"href":"https:\/\/ahoramasrd.com.do\/index.php?rest_route=%2Fwp%2Fv2%2Fcomments&post=47373"}],"version-history":[{"count":0,"href":"https:\/\/ahoramasrd.com.do\/index.php?rest_route=\/wp\/v2\/posts\/47373\/revisions"}],"wp:featuredmedia":[{"embeddable":true,"href":"https:\/\/ahoramasrd.com.do\/index.php?rest_route=\/"}],"wp:attachment":[{"href":"https:\/\/ahoramasrd.com.do\/index.php?rest_route=%2Fwp%2Fv2%2Fmedia&parent=47373"}],"wp:term":[{"taxonomy":"category","embeddable":true,"href":"https:\/\/ahoramasrd.com.do\/index.php?rest_route=%2Fwp%2Fv2%2Fcategories&post=47373"},{"taxonomy":"post_tag","embeddable":true,"href":"https:\/\/ahoramasrd.com.do\/index.php?rest_route=%2Fwp%2Fv2%2Ftags&post=47373"}],"curies":[{"name":"wp","href":"https:\/\/api.w.org\/{rel}","templated":true}]}}