{"id":47677,"date":"2022-01-12T23:11:02","date_gmt":"2022-01-13T03:11:02","guid":{"rendered":"https:\/\/estrellasyredes.net\/?p=47677"},"modified":"2022-01-12T23:11:02","modified_gmt":"2022-01-13T03:11:02","slug":"david-collado-aclara-no-pagaran-viaje-de-medios-periodistas-y-empresarios-a-fitur","status":"publish","type":"post","link":"https:\/\/ahoramasrd.com.do\/?p=47677","title":{"rendered":"David Collado aclara no pagar\u00e1n viaje de medios, periodistas y empresarios a Fitur"},"content":{"rendered":"\n<p>SANTO DOMINGO.- El ministro de Turismo, David Collado, inform\u00f3 este mi\u00e9rcoles que fue reducido a 12 personas la delegaci\u00f3n oficial que representar\u00e1 al pa\u00eds en la edici\u00f3n 42 de la Feria Internacional del Turismo de Madrid.<\/p>\n\n\n\n<p>A trav\u00e9s de su cuenta de Twitter, el funcionario dijo adem\u00e1s que \u201cno estaremos cubriendo los gastos de medios de comunicaci\u00f3n, periodistas o empresarios. Sin embargo, estamos facilitando las acreditaciones de todos los profesionales que lo necesiten\u201d.<\/p>\n\n\n\n<p>La Fitur 2022, que se celebrar\u00e1 del 19 al 23 del mes en curso, y en la que Rep\u00fablica Dominicana ser\u00e1 la naci\u00f3n invitada de honor, contar\u00e1 con la participaci\u00f3n de 107 pa\u00edses , la presencia de casi siete mil empresas y 600 expositores.<\/p>\n\n\n\n<figure class=\"wp-block-embed is-type-rich is-provider-twitter wp-block-embed-twitter\"><div class=\"wp-block-embed__wrapper\">\n<blockquote class=\"twitter-tweet\" data-width=\"550\" data-dnt=\"true\"><p lang=\"es\" dir=\"ltr\">Para <a href=\"https:\/\/twitter.com\/fitur_madrid?ref_src=twsrc%5Etfw\">@fitur_madrid<\/a> 2022, desde <a href=\"https:\/\/twitter.com\/TurismoRD?ref_src=twsrc%5Etfw\">@turismord<\/a> hemos reducido la delegaci\u00f3n oficial a 12 personas y no estaremos cubriendo los gastos de medios de comunicaci\u00f3n, periodistas o empresarios. Sin embargo, estamos facilitando las acreditaciones de todos los profesionales que lo necesiten.<\/p>&mdash; David Collado (@DavidColladoM) <a href=\"https:\/\/twitter.com\/DavidColladoM\/status\/1481361558404050945?ref_src=twsrc%5Etfw\">January 12, 2022<\/a><\/blockquote><script async src=\"https:\/\/platform.twitter.com\/widgets.js\" charset=\"utf-8\"><\/script>\n<\/div><\/figure>\n","protected":false},"excerpt":{"rendered":"<p>SANTO DOMINGO.- El ministro de Turismo, David Collado, inform\u00f3 este mi\u00e9rcoles que fue reducido a 12 personas la delegaci\u00f3n oficial que representar\u00e1 al pa\u00eds en la edici\u00f3n 42 de la Feria Internacional del Turismo de Madrid. A trav\u00e9s de su cuenta de Twitter, el funcionario dijo adem\u00e1s que \u201cno estaremos cubriendo los gastos de medios [&hellip;]<\/p>\n","protected":false},"author":1,"featured_media":40442,"comment_status":"open","ping_status":"open","sticky":false,"template":"","format":"standard","meta":{"footnotes":""},"categories":[44],"tags":[287,750,58],"class_list":{"0":"post-47677","1":"post","2":"type-post","3":"status-publish","4":"format-standard","5":"has-post-thumbnail","7":"category-actualidad","8":"tag-david-collado","9":"tag-mitur-2022","10":"tag-republica-dominicana"},"aioseo_notices":[],"amp_enabled":false,"_links":{"self":[{"href":"https:\/\/ahoramasrd.com.do\/index.php?rest_route=\/wp\/v2\/posts\/47677","targetHints":{"allow":["GET"]}}],"collection":[{"href":"https:\/\/ahoramasrd.com.do\/index.php?rest_route=\/wp\/v2\/posts"}],"about":[{"href":"https:\/\/ahoramasrd.com.do\/index.php?rest_route=\/wp\/v2\/types\/post"}],"author":[{"embeddable":true,"href":"https:\/\/ahoramasrd.com.do\/index.php?rest_route=\/wp\/v2\/users\/1"}],"replies":[{"embeddable":true,"href":"https:\/\/ahoramasrd.com.do\/index.php?rest_route=%2Fwp%2Fv2%2Fcomments&post=47677"}],"version-history":[{"count":0,"href":"https:\/\/ahoramasrd.com.do\/index.php?rest_route=\/wp\/v2\/posts\/47677\/revisions"}],"wp:featuredmedia":[{"embeddable":true,"href":"https:\/\/ahoramasrd.com.do\/index.php?rest_route=\/"}],"wp:attachment":[{"href":"https:\/\/ahoramasrd.com.do\/index.php?rest_route=%2Fwp%2Fv2%2Fmedia&parent=47677"}],"wp:term":[{"taxonomy":"category","embeddable":true,"href":"https:\/\/ahoramasrd.com.do\/index.php?rest_route=%2Fwp%2Fv2%2Fcategories&post=47677"},{"taxonomy":"post_tag","embeddable":true,"href":"https:\/\/ahoramasrd.com.do\/index.php?rest_route=%2Fwp%2Fv2%2Ftags&post=47677"}],"curies":[{"name":"wp","href":"https:\/\/api.w.org\/{rel}","templated":true}]}}