{"id":51010,"date":"2022-07-11T16:26:05","date_gmt":"2022-07-11T20:26:05","guid":{"rendered":"https:\/\/ahoramasrd.com.do\/?p=51010"},"modified":"2022-07-11T16:26:05","modified_gmt":"2022-07-11T20:26:05","slug":"infotep-inicia-proceso-de-validacion-a-dominicanos-residentes-en-eeuu","status":"publish","type":"post","link":"https:\/\/ahoramasrd.com.do\/?p=51010","title":{"rendered":"Infotep inicia proceso de validaci\u00f3n a dominicanos residentes en EEUU"},"content":{"rendered":"\n<p>Se realizar\u00e1 una entrega de certificados el pr\u00f3ximo 30 de julio, en Estados Unidos<br>El Instituto Nacional de Formaci\u00f3n T\u00e9cnico Profesional (Infotep), a trav\u00e9s de la Direcci\u00f3n Regional Oriental, inici\u00f3 el primer proceso de Validaci\u00f3n Ocupacional a 69 dominicanos residentes en Estados Unidos, en el marco de las acciones que ejecuta la instituci\u00f3n para certificar a la di\u00e1spora.<\/p>\n\n\n\n<p>La apertura de este proceso, que se realiz\u00f3 de forma virtual, estuvo encabezada por el director regional oriental de Infotep, Pedro de la Cruz, en representaci\u00f3n del director general del Infotep, profesor Rafael Santos Bad\u00eda; quien manifest\u00f3 su apoyo a los interesados en validar sus conocimientos emp\u00edricos en las carreras: Edici\u00f3n de Televisi\u00f3n, Producci\u00f3n de Televisi\u00f3n, Direcci\u00f3n de c\u00e1mara, C\u00e1mara de Televisi\u00f3n y Maquillaje para televisi\u00f3n.<\/p>\n\n\n\n<p>Al respecto, el encargado de Validaci\u00f3n y Homologaci\u00f3n Curricular, Miguel S\u00e1nchez, explic\u00f3 a los candidatos c\u00f3mo se desarrollar\u00e1 el proceso y present\u00f3 a los docentes que est\u00e1n validando los conocimientos.<\/p>\n\n\n\n<p>Los expertos son Ra\u00fal Sabino, en Televisi\u00f3n; Gilberto de la Rosa, Producci\u00f3n; Teda Pedie, Maquillaje de televisi\u00f3n; Haisa La Hoz, Edici\u00f3n de video y Modesto Mart\u00ednez, Direcci\u00f3n de c\u00e1mara.<\/p>\n\n\n\n<p>El proceso de validaci\u00f3n implica un diagn\u00f3stico individual de los conocimientos que poseen los postulantes. Luego se identifican \u00e1reas a mejorar e inicia el proceso de formaci\u00f3n en los aspectos identificados. Culminado el per\u00edodo de formaci\u00f3n se realiza una prueba final.<\/p>\n\n\n\n<p>Las entrevistas con los participantes iniciaron el 7 de julio y el programa de validaci\u00f3n termina el 25 de julio. La entrega de certificados est\u00e1 pautada para el 30 de julio, en una ceremonia que se realizar\u00e1 en Estados Unidos.<\/p>\n\n\n\n<p>Desde el pasado a\u00f1o, el Instituto Nacional de Formaci\u00f3n T\u00e9cnico Profesional ha venido desarrollando acciones en favor de la di\u00e1spora dominicana.<\/p>\n\n\n\n<p>Ya se realizaron acuerdos para formar y validar conocimientos en varios estados de Estados Unidos y se est\u00e1 en proceso de acuerdos similares en Espa\u00f1a, Uruguay, Argentina y Chile.<\/p>\n\n\n\n<p>Fuente RC Noticias<\/p>\n","protected":false},"excerpt":{"rendered":"<p>Se realizar\u00e1 una entrega de certificados el pr\u00f3ximo 30 de julio, en Estados UnidosEl Instituto Nacional de Formaci\u00f3n T\u00e9cnico Profesional (Infotep), a trav\u00e9s de la Direcci\u00f3n Regional Oriental, inici\u00f3 el primer proceso de Validaci\u00f3n Ocupacional a 69 dominicanos residentes en Estados Unidos, en el marco de las acciones que ejecuta la instituci\u00f3n para certificar a [&hellip;]<\/p>\n","protected":false},"author":2,"featured_media":51011,"comment_status":"open","ping_status":"open","sticky":false,"template":"","format":"standard","meta":{"footnotes":""},"categories":[44],"tags":[1975,1977,1976],"class_list":{"0":"post-51010","1":"post","2":"type-post","3":"status-publish","4":"format-standard","5":"has-post-thumbnail","7":"category-actualidad","8":"tag-certificados","9":"tag-director-regional","10":"tag-dominicanos"},"aioseo_notices":[],"amp_enabled":true,"_links":{"self":[{"href":"https:\/\/ahoramasrd.com.do\/index.php?rest_route=\/wp\/v2\/posts\/51010","targetHints":{"allow":["GET"]}}],"collection":[{"href":"https:\/\/ahoramasrd.com.do\/index.php?rest_route=\/wp\/v2\/posts"}],"about":[{"href":"https:\/\/ahoramasrd.com.do\/index.php?rest_route=\/wp\/v2\/types\/post"}],"author":[{"embeddable":true,"href":"https:\/\/ahoramasrd.com.do\/index.php?rest_route=\/wp\/v2\/users\/2"}],"replies":[{"embeddable":true,"href":"https:\/\/ahoramasrd.com.do\/index.php?rest_route=%2Fwp%2Fv2%2Fcomments&post=51010"}],"version-history":[{"count":0,"href":"https:\/\/ahoramasrd.com.do\/index.php?rest_route=\/wp\/v2\/posts\/51010\/revisions"}],"wp:featuredmedia":[{"embeddable":true,"href":"https:\/\/ahoramasrd.com.do\/index.php?rest_route=\/"}],"wp:attachment":[{"href":"https:\/\/ahoramasrd.com.do\/index.php?rest_route=%2Fwp%2Fv2%2Fmedia&parent=51010"}],"wp:term":[{"taxonomy":"category","embeddable":true,"href":"https:\/\/ahoramasrd.com.do\/index.php?rest_route=%2Fwp%2Fv2%2Fcategories&post=51010"},{"taxonomy":"post_tag","embeddable":true,"href":"https:\/\/ahoramasrd.com.do\/index.php?rest_route=%2Fwp%2Fv2%2Ftags&post=51010"}],"curies":[{"name":"wp","href":"https:\/\/api.w.org\/{rel}","templated":true}]}}