{"id":51016,"date":"2022-07-11T17:35:33","date_gmt":"2022-07-11T21:35:33","guid":{"rendered":"https:\/\/ahoramasrd.com.do\/?p=51016"},"modified":"2022-07-11T17:35:33","modified_gmt":"2022-07-11T21:35:33","slug":"abinader-emite-decretos-para-restructurar-el-sistema-educativo-de-la-policia-nacional","status":"publish","type":"post","link":"https:\/\/ahoramasrd.com.do\/?p=51016","title":{"rendered":"Abinader emite decretos para restructurar el sistema educativo de la Polic\u00eda Nacional"},"content":{"rendered":"\n<p>El presidente de la Rep\u00fablica, Luis Abinader emiti\u00f3 los decretos 371-22 y 372-22 que crean una Comisi\u00f3n T\u00e9cnica para la Reestructuraci\u00f3n del Sistema Educativo de la Polic\u00eda Nacional, una Junta Directiva para la gesti\u00f3n de la transici\u00f3n del Instituto Policial de Educaci\u00f3n (IPE) y un Comit\u00e9 Acad\u00e9mico del IPE.<\/p>\n\n\n\n<p>La Comisi\u00f3n T\u00e9cnica para la Reestructuraci\u00f3n del Sistema Educativo de la Polic\u00eda Nacional est\u00e1 integrada por Roberto Santana, quien la coordinar\u00e1, Miguel Escala, Mu-kien Adriana Sang, Eladio Uribe, Radham\u00e9s Garc\u00eda Gonz\u00e1lez, Osvaldo Santana y Gregorio Montero.<\/p>\n\n\n\n<p>Dicha comisi\u00f3n tendr\u00e1 dentro de sus atribuciones propiciar el buen funcionamiento de los trabajos de transformaci\u00f3n de la Polic\u00eda Nacional en materia educativa, as\u00ed como velar por el cumplimiento del plan de trabajo enviado y aprobado por el Poder Ejecutivo para ejecutar la reforma educativa en el IPE.<\/p>\n","protected":false},"excerpt":{"rendered":"<p>El presidente de la Rep\u00fablica, Luis Abinader emiti\u00f3 los decretos 371-22 y 372-22 que crean una Comisi\u00f3n T\u00e9cnica para la Reestructuraci\u00f3n del Sistema Educativo de la Polic\u00eda Nacional, una Junta Directiva para la gesti\u00f3n de la transici\u00f3n del Instituto Policial de Educaci\u00f3n (IPE) y un Comit\u00e9 Acad\u00e9mico del IPE. La Comisi\u00f3n T\u00e9cnica para la Reestructuraci\u00f3n [&hellip;]<\/p>\n","protected":false},"author":2,"featured_media":51017,"comment_status":"open","ping_status":"open","sticky":false,"template":"","format":"standard","meta":{"footnotes":""},"categories":[44],"tags":[1980,1981,58],"class_list":{"0":"post-51016","1":"post","2":"type-post","3":"status-publish","4":"format-standard","5":"has-post-thumbnail","7":"category-actualidad","8":"tag-decretos","9":"tag-presidente-abinader","10":"tag-republica-dominicana"},"aioseo_notices":[],"amp_enabled":true,"_links":{"self":[{"href":"https:\/\/ahoramasrd.com.do\/index.php?rest_route=\/wp\/v2\/posts\/51016","targetHints":{"allow":["GET"]}}],"collection":[{"href":"https:\/\/ahoramasrd.com.do\/index.php?rest_route=\/wp\/v2\/posts"}],"about":[{"href":"https:\/\/ahoramasrd.com.do\/index.php?rest_route=\/wp\/v2\/types\/post"}],"author":[{"embeddable":true,"href":"https:\/\/ahoramasrd.com.do\/index.php?rest_route=\/wp\/v2\/users\/2"}],"replies":[{"embeddable":true,"href":"https:\/\/ahoramasrd.com.do\/index.php?rest_route=%2Fwp%2Fv2%2Fcomments&post=51016"}],"version-history":[{"count":0,"href":"https:\/\/ahoramasrd.com.do\/index.php?rest_route=\/wp\/v2\/posts\/51016\/revisions"}],"wp:featuredmedia":[{"embeddable":true,"href":"https:\/\/ahoramasrd.com.do\/index.php?rest_route=\/"}],"wp:attachment":[{"href":"https:\/\/ahoramasrd.com.do\/index.php?rest_route=%2Fwp%2Fv2%2Fmedia&parent=51016"}],"wp:term":[{"taxonomy":"category","embeddable":true,"href":"https:\/\/ahoramasrd.com.do\/index.php?rest_route=%2Fwp%2Fv2%2Fcategories&post=51016"},{"taxonomy":"post_tag","embeddable":true,"href":"https:\/\/ahoramasrd.com.do\/index.php?rest_route=%2Fwp%2Fv2%2Ftags&post=51016"}],"curies":[{"name":"wp","href":"https:\/\/api.w.org\/{rel}","templated":true}]}}