{"id":52115,"date":"2022-08-01T10:50:45","date_gmt":"2022-08-01T14:50:45","guid":{"rendered":"https:\/\/ahoramasrd.com.do\/?p=52115"},"modified":"2022-08-01T10:50:47","modified_gmt":"2022-08-01T14:50:47","slug":"renuncia-rafael-velazco-espaillat-superintendente-de-electricidad","status":"publish","type":"post","link":"https:\/\/ahoramasrd.com.do\/?p=52115","title":{"rendered":"Renuncia Rafael Velazco Espaillat, Superintendente de Electricidad"},"content":{"rendered":"\n<p>El superintendente de Electricidad, Rafael Velazco Espaillat, renunci\u00f3 este domingo a su cargo mediante una carta que remiti\u00f3 al presidente de la Rep\u00fablica, Luis Abinader.<\/p>\n\n\n\n<p>La dimisi\u00f3n ocurre d\u00edas despu\u00e9s de que se diera a conocer la informaci\u00f3n que \u00e9ste se hab\u00eda aumentado su salario en la Superintendencia as\u00ed como tambi\u00e9n a otros funcionario, lo que recibi\u00f3 fuertes cr\u00edticas de la poblaci\u00f3n que se quejaba por el alza en la factura el\u00e9ctrica.<\/p>\n\n\n\n<p>En una carta fechada el 31 de julio, sin dar explicaciones sobre los motivos de su renuncia, Velazco inform\u00f3 al mandatario de su decisi\u00f3n de apartarse de la posici\u00f3n.<\/p>\n\n\n\n<p>\u00abPor medio de la presente misiva, presento formal renuncia a mi cargo de Superintendente de Electricidad y Presidente del Consejo de la Superintendencia de Electricidad con efectividad al d\u00eda hoy, domingo 31 de julio, 2022, a las 8 a.m.\u00bb, dice la carta a la que Diario Libre tuvo acceso.<\/p>\n\n\n\n<p>En la comunicaci\u00f3n, firmada a pu\u00f1o y letra por Velazco, el hoy exfuncionario agradeci\u00f3 al mandatario por la confianza.<\/p>\n\n\n\n<p>\u00abMuchas gracias por el honor de haber confiado en m\u00ed para esta posici\u00f3n, la que tratamos de cumplir en todo momento con apego al normativa vigente del sector el\u00e9ctrico y haci\u00e9ndola cumplir, en nuestra calidad del regulador y fiscalizadore del sistema el\u00e9ctrico nacional. Puede contar conmigo para lo que considere pertinente para colaborar con el \u00e9xito de su Gobierno y para el bienestar del Pueblo Dominicano\u00bb, concluy\u00f3.<\/p>\n\n\n\n<p>La carta fue remitida con copia al consultor jur\u00eddico del Poder Ejecutivo, Antoliano Peralta y a los miembros del Consejo de la Super Intendencia de Electricidad.<\/p>\n\n\n\n<p>Velazco es el segundo funcionario que renuncia al Gobierno durante el fin de semana. El viernes, la directora del Consejo Nacional de la Ni\u00f1ez (CONANI), Ana Cecilia Morum Solano puso su puesto a disposici\u00f3n del mandatario, menos de un a\u00f1o despu\u00e9s de asumir el cargo.<\/p>\n","protected":false},"excerpt":{"rendered":"<p>El superintendente de Electricidad, Rafael Velazco Espaillat, renunci\u00f3 este domingo a su cargo mediante una carta que remiti\u00f3 al presidente de la Rep\u00fablica, Luis Abinader. La dimisi\u00f3n ocurre d\u00edas despu\u00e9s de que se diera a conocer la informaci\u00f3n que \u00e9ste se hab\u00eda aumentado su salario en la Superintendencia as\u00ed como tambi\u00e9n a otros funcionario, lo [&hellip;]<\/p>\n","protected":false},"author":2,"featured_media":52116,"comment_status":"open","ping_status":"open","sticky":false,"template":"","format":"standard","meta":{"footnotes":""},"categories":[44],"tags":[845,939,93,58],"class_list":{"0":"post-52115","1":"post","2":"type-post","3":"status-publish","4":"format-standard","5":"has-post-thumbnail","7":"category-actualidad","8":"tag-ahora-mas-rd","9":"tag-cada-minuto-una-verdad","10":"tag-luis-abinader","11":"tag-republica-dominicana"},"aioseo_notices":[],"amp_enabled":true,"_links":{"self":[{"href":"https:\/\/ahoramasrd.com.do\/index.php?rest_route=\/wp\/v2\/posts\/52115","targetHints":{"allow":["GET"]}}],"collection":[{"href":"https:\/\/ahoramasrd.com.do\/index.php?rest_route=\/wp\/v2\/posts"}],"about":[{"href":"https:\/\/ahoramasrd.com.do\/index.php?rest_route=\/wp\/v2\/types\/post"}],"author":[{"embeddable":true,"href":"https:\/\/ahoramasrd.com.do\/index.php?rest_route=\/wp\/v2\/users\/2"}],"replies":[{"embeddable":true,"href":"https:\/\/ahoramasrd.com.do\/index.php?rest_route=%2Fwp%2Fv2%2Fcomments&post=52115"}],"version-history":[{"count":0,"href":"https:\/\/ahoramasrd.com.do\/index.php?rest_route=\/wp\/v2\/posts\/52115\/revisions"}],"wp:featuredmedia":[{"embeddable":true,"href":"https:\/\/ahoramasrd.com.do\/index.php?rest_route=\/"}],"wp:attachment":[{"href":"https:\/\/ahoramasrd.com.do\/index.php?rest_route=%2Fwp%2Fv2%2Fmedia&parent=52115"}],"wp:term":[{"taxonomy":"category","embeddable":true,"href":"https:\/\/ahoramasrd.com.do\/index.php?rest_route=%2Fwp%2Fv2%2Fcategories&post=52115"},{"taxonomy":"post_tag","embeddable":true,"href":"https:\/\/ahoramasrd.com.do\/index.php?rest_route=%2Fwp%2Fv2%2Ftags&post=52115"}],"curies":[{"name":"wp","href":"https:\/\/api.w.org\/{rel}","templated":true}]}}