{"id":55777,"date":"2022-12-05T18:06:47","date_gmt":"2022-12-05T22:06:47","guid":{"rendered":"https:\/\/ahoramasrd.com.do\/?p=55777"},"modified":"2022-12-05T18:07:04","modified_gmt":"2022-12-05T22:07:04","slug":"un-menor-muerto-y-un-dominicano-herido-en-un-enfrentamiento-entre-bandas-latinas-en-madrid%ef%bf%bc","status":"publish","type":"post","link":"https:\/\/ahoramasrd.com.do\/?p=55777","title":{"rendered":"Un menor muerto y un dominicano herido en un enfrentamiento entre bandas latinas en Madrid"},"content":{"rendered":"\n<p><\/p>\n\n\n\n<p>EFE. Un menor espa\u00f1ol de 15 a\u00f1os falleci\u00f3 y un joven dominicano de 21 a\u00f1os result\u00f3 herido en Madrid en un suceso que las autoridades investigan como un posible ajuste de cuentas entre bandas latinas, informaron este lunes a EFE fuentes policiales.<\/p>\n\n\n\n<p>El suceso ocurri\u00f3 la pasada noche en un parque de la capital de Espa\u00f1a, cuando fue asesinado a tiros el menor, que supuestamente pertenec\u00eda a la banda de los Trinitarios y estaba \"marcado\" por un presunto miembro de los Dominican Don&#8217;t Play (DDP).<\/p>\n\n\n\n<p>El autor de los disparos huy\u00f3 tras asesinar al menor y herir a su amigo, que tiene un orificio de entrada y salida en el abdomen y se espera que en las pr\u00f3ximas horas reciba el alta en el hospital en que fue ingresado.<\/p>\n\n\n\n<p>La delegada del Gobierno espa\u00f1ol en la regi\u00f3n de Madrid, Mercedes Gonz\u00e1lez, confirm\u00f3 que la Polic\u00eda busca a un joven que atac\u00f3 de forma premeditada, encapuchado y con otros elementos que hacen \"bastante dif\u00edcil\" su identificaci\u00f3n.<br>La hip\u00f3tesis principal de los investigadores, seg\u00fan Gonz\u00e1lez, es la de una \"venganza\" o \"ajuste de cuentas\" entre miembros de los DDP y los Trinitarios, quienes \"conviven\" en la zona de la ciudad donde se produjo el suceso y en la que se han registrado varios incidentes relacionados con las bandas juveniles en las \u00faltimas semanas.<\/p>\n\n\n\n<p>Gonz\u00e1lez se\u00f1al\u00f3 que fueron cuatro los testigos presenciales y \"han coincidido\" al aportar los datos a la Polic\u00eda.<\/p>\n\n\n\n<p>Seg\u00fan su testimonio, fue un joven de baja estatura quien dispar\u00f3 \"a bocajarro\" al menor cuando se encontraba sentado con un amigo en el parque, tras lo que huy\u00f3 a la carrera hacia una estaci\u00f3n de metro.<\/p>\n\n\n\n<p>En la esquina contraria al punto en el que ocurri\u00f3 el crimen se encontraban el padre y el abuelo del menor, quien en declaraciones a EFE relat\u00f3 que la familia est\u00e1 \"destrozada\" y asegur\u00f3 que su nieto no pertenec\u00eda a ninguna banda violenta.<\/p>\n\n\n\n<p>La delegada del Gobierno record\u00f3 que ya se reforz\u00f3 con unos quinientos agentes el despliegue policial dentro de un \"plan antibandas\" en las zonas m\u00e1s calientes de Madrid y subray\u00f3 que el uso de las armas de fuego por bandas juveniles es \"singular\", pues solo una de las 646 armas incautadas desde el pasado febrero era de fuego.<\/p>\n\n\n\n<p>Este es el quinto crimen perpetrado por estas bandas en la regi\u00f3n de Madrid en lo que va de a\u00f1o.<\/p>\n\n\n\n<p>A\u00fan no se ha esclarecido el asesinato a tiros de un joven de 21 a\u00f1os a las puertas de una discoteca el pasado octubre, aunque las primeras pesquisas apuntaron a una \"ejecuci\u00f3n\" de la v\u00edctima, integrante de los Trinitarios, con lo que de confirmarse, ascender\u00edan a seis los cr\u00edmenes de bandas en 2022 en la regi\u00f3n.<\/p>\n\n\n\n<p>El refuerzo policial se puso en marcha despu\u00e9s de que el pasado febrero murieran dos j\u00f3venes de 15 y 25 a\u00f1os, este \u00faltimo de origen colombiano, apu\u00f1alados con machetes, mientras que otros cinco resultaron heridos, uno de ellos un paraguayo de 19 a\u00f1os que tambi\u00e9n fue apu\u00f1alado, en peleas que las autoridades atribuyeron a bandas como los DDP y los Trinitarios.<\/p>\n\n\n\n<p>Las fuerzas de seguridad detuvieron entonces a al menos trece supuestos miembros de los DDP, entre ellos un espa\u00f1ol de origen sudamericano y un ecuatoriano, por su presunta relaci\u00f3n con la muerte del joven de 25 a\u00f1os.<\/p>\n","protected":false},"excerpt":{"rendered":"<p>EFE. Un menor espa\u00f1ol de 15 a\u00f1os falleci\u00f3 y un joven dominicano de 21 a\u00f1os result\u00f3 herido en Madrid en un suceso que las autoridades investigan como un posible ajuste de cuentas entre bandas latinas, informaron este lunes a EFE fuentes policiales. El suceso ocurri\u00f3 la pasada noche en un parque de la capital de [&hellip;]<\/p>\n","protected":false},"author":2,"featured_media":55778,"comment_status":"open","ping_status":"open","sticky":false,"template":"","format":"standard","meta":{"footnotes":""},"categories":[48],"tags":[],"class_list":{"0":"post-55777","1":"post","2":"type-post","3":"status-publish","4":"format-standard","5":"has-post-thumbnail","7":"category-internacionales"},"aioseo_notices":[],"amp_enabled":true,"_links":{"self":[{"href":"https:\/\/ahoramasrd.com.do\/index.php?rest_route=\/wp\/v2\/posts\/55777","targetHints":{"allow":["GET"]}}],"collection":[{"href":"https:\/\/ahoramasrd.com.do\/index.php?rest_route=\/wp\/v2\/posts"}],"about":[{"href":"https:\/\/ahoramasrd.com.do\/index.php?rest_route=\/wp\/v2\/types\/post"}],"author":[{"embeddable":true,"href":"https:\/\/ahoramasrd.com.do\/index.php?rest_route=\/wp\/v2\/users\/2"}],"replies":[{"embeddable":true,"href":"https:\/\/ahoramasrd.com.do\/index.php?rest_route=%2Fwp%2Fv2%2Fcomments&post=55777"}],"version-history":[{"count":0,"href":"https:\/\/ahoramasrd.com.do\/index.php?rest_route=\/wp\/v2\/posts\/55777\/revisions"}],"wp:featuredmedia":[{"embeddable":true,"href":"https:\/\/ahoramasrd.com.do\/index.php?rest_route=\/"}],"wp:attachment":[{"href":"https:\/\/ahoramasrd.com.do\/index.php?rest_route=%2Fwp%2Fv2%2Fmedia&parent=55777"}],"wp:term":[{"taxonomy":"category","embeddable":true,"href":"https:\/\/ahoramasrd.com.do\/index.php?rest_route=%2Fwp%2Fv2%2Fcategories&post=55777"},{"taxonomy":"post_tag","embeddable":true,"href":"https:\/\/ahoramasrd.com.do\/index.php?rest_route=%2Fwp%2Fv2%2Ftags&post=55777"}],"curies":[{"name":"wp","href":"https:\/\/api.w.org\/{rel}","templated":true}]}}