{"id":56066,"date":"2022-12-10T20:19:17","date_gmt":"2022-12-11T00:19:17","guid":{"rendered":"https:\/\/ahoramasrd.com.do\/?p=56066"},"modified":"2022-12-10T20:19:18","modified_gmt":"2022-12-11T00:19:18","slug":"neymar-estoy-destruido-psicologicamente-y-dolera-por-mucho-tiempo","status":"publish","type":"post","link":"https:\/\/ahoramasrd.com.do\/?p=56066","title":{"rendered":"Neymar: \"Estoy destruido psicol\u00f3gicamente y doler\u00e1 por mucho tiempo\""},"content":{"rendered":"\n<p>EFE. Neymar Jr, principal referente de la selecci\u00f3n brasile\u00f1a de f\u00fatbol, afirm\u00f3 este s\u00e1bado que est\u00e1 \"destruido\" y que \"doler\u00e1 por mucho tiempo\" la eliminaci\u00f3n en los cuartos de final del Mundial de Qatar 2022 ante el seleccionado de Croacia.<\/p>\n\n\n\n<p>\"Estoy destruido psicol\u00f3gicamente y esta, con seguridad, fue la derrota que m\u00e1s me doli\u00f3, que me dej\u00f3 paralizado durante diez minutos y luego ca\u00ed a llorar sin parar. Doler\u00e1 por mucho tiempo, infelizmente\", escribi\u00f3 Neymar en su perfil de Instagram.<\/p>\n\n\n\n<p>El delantero del Par\u00eds Saint Germain anot\u00f3 el viernes el gol de Brasil en el empate, 1-1, frente a Croacia, que al final se impuso en la definici\u00f3n por cobros desde el punto penalti y avanz\u00f3 a las semifinales del Mundial de Qatar.<\/p>\n\n\n\n<p>\"Luchamos hasta el final y de eso tengo orgullo de mis compa\u00f1eros porque no falt\u00f3 empe\u00f1o ni dedicaci\u00f3n. El grupo merec\u00eda, Brasil merec\u00eda\u2026 Pero esa no era la voluntad de Dios. Vali\u00f3 por todo el sacrificio para sentir adentro el cari\u00f1o de cada uno\", apunt\u00f3.<\/p>\n\n\n\n<p>El exjugador del Barcelona fue el \u00faltimo integrante de la selecci\u00f3n brasile\u00f1a en dejar la concentraci\u00f3n en territorio catar\u00ed tras la disoluci\u00f3n del grupo la noche del viernes.<\/p>\n\n\n\n<p>\"Gracias a todos por el apoyo y cari\u00f1o con la selecci\u00f3n. Infelizmente no dio. Gracias por todo mi Dios. Me diste todo y no puedo reclamar nada, solo agradecer por cuidarme. Toda honra y toda gloria para ti, independiente de las circunstancias\", concluy\u00f3.<\/p>\n","protected":false},"excerpt":{"rendered":"<p>EFE. Neymar Jr, principal referente de la selecci\u00f3n brasile\u00f1a de f\u00fatbol, afirm\u00f3 este s\u00e1bado que est\u00e1 \"destruido\" y que \"doler\u00e1 por mucho tiempo\" la eliminaci\u00f3n en los cuartos de final del Mundial de Qatar 2022 ante el seleccionado de Croacia. \"Estoy destruido psicol\u00f3gicamente y esta, con seguridad, fue la derrota que m\u00e1s me doli\u00f3, que [&hellip;]<\/p>\n","protected":false},"author":2,"featured_media":56067,"comment_status":"open","ping_status":"open","sticky":false,"template":"","format":"standard","meta":{"footnotes":""},"categories":[49],"tags":[],"class_list":{"0":"post-56066","1":"post","2":"type-post","3":"status-publish","4":"format-standard","5":"has-post-thumbnail","7":"category-deportes"},"aioseo_notices":[],"amp_enabled":true,"_links":{"self":[{"href":"https:\/\/ahoramasrd.com.do\/index.php?rest_route=\/wp\/v2\/posts\/56066","targetHints":{"allow":["GET"]}}],"collection":[{"href":"https:\/\/ahoramasrd.com.do\/index.php?rest_route=\/wp\/v2\/posts"}],"about":[{"href":"https:\/\/ahoramasrd.com.do\/index.php?rest_route=\/wp\/v2\/types\/post"}],"author":[{"embeddable":true,"href":"https:\/\/ahoramasrd.com.do\/index.php?rest_route=\/wp\/v2\/users\/2"}],"replies":[{"embeddable":true,"href":"https:\/\/ahoramasrd.com.do\/index.php?rest_route=%2Fwp%2Fv2%2Fcomments&post=56066"}],"version-history":[{"count":0,"href":"https:\/\/ahoramasrd.com.do\/index.php?rest_route=\/wp\/v2\/posts\/56066\/revisions"}],"wp:featuredmedia":[{"embeddable":true,"href":"https:\/\/ahoramasrd.com.do\/index.php?rest_route=\/"}],"wp:attachment":[{"href":"https:\/\/ahoramasrd.com.do\/index.php?rest_route=%2Fwp%2Fv2%2Fmedia&parent=56066"}],"wp:term":[{"taxonomy":"category","embeddable":true,"href":"https:\/\/ahoramasrd.com.do\/index.php?rest_route=%2Fwp%2Fv2%2Fcategories&post=56066"},{"taxonomy":"post_tag","embeddable":true,"href":"https:\/\/ahoramasrd.com.do\/index.php?rest_route=%2Fwp%2Fv2%2Ftags&post=56066"}],"curies":[{"name":"wp","href":"https:\/\/api.w.org\/{rel}","templated":true}]}}