{"id":56248,"date":"2022-12-15T10:58:23","date_gmt":"2022-12-15T14:58:23","guid":{"rendered":"https:\/\/ahoramasrd.com.do\/?p=56248"},"modified":"2022-12-15T10:58:24","modified_gmt":"2022-12-15T14:58:24","slug":"rd-cerrara-el-ano-con-crecimiento-de-5-1-y-bajara-a-4-6-en-2023-proyecta-la-cepal","status":"publish","type":"post","link":"https:\/\/ahoramasrd.com.do\/?p=56248","title":{"rendered":"RD cerrar\u00e1 el a\u00f1o con crecimiento de 5.1 % y bajar\u00e1 a 4.6 % en 2023, proyecta la Cepal"},"content":{"rendered":"\n<p>La Comisi\u00f3n Econ\u00f3mica para Am\u00e9rica Latina y el Caribe (<strong>Cepal<\/strong>) inform\u00f3 este jueves que para 2023 la econom\u00eda de&nbsp;<strong>Rep\u00fablica Dominicana crecer\u00e1 4.6 %<\/strong>, significando una ligera&nbsp;<strong>disminuci\u00f3n&nbsp;<\/strong><a href=\"https:\/\/www.diariolibre.com\/economia\/macroeconomia\/2022\/10\/20\/cepal-tambien-baja-proyeccion-de-crecimiento-de-rd-en-2022\/2114593\">del 4.7 % que hab\u00eda proyectado<\/a>&nbsp;el pasado octubre.<\/p>\n\n\n\n<p>Adem\u00e1s, indic\u00f3 que la&nbsp;<strong>desaceleraci\u00f3n econ\u00f3mica<\/strong>&nbsp;de la regi\u00f3n se profundizar\u00e1 en 2023 y que la tasa de crecimiento ser\u00e1 del 1.3 %, un&nbsp;<strong>0.1 % menos<\/strong>&nbsp;que lo estimado en octubre pasado.<\/p>\n\n\n\n<p>El organismo de Naciones Unidas, con sede en Santiago de Chile, estima que el\u00a0<strong>PIB regional<\/strong>\u00a0cerrar\u00e1 este a\u00f1o con una expansi\u00f3n del 3.7 %, superior al 3.6 % pronosticado hace tres meses y lejos del 6.7 % registrado en 2021.<\/p>\n\n\n\n<p>Seg\u00fan la&nbsp;<strong>Cepal<\/strong>, la&nbsp;<strong>desaceleraci\u00f3n<\/strong>comenz\u00f3 en el&nbsp;<strong>segundo semestre de 2022<\/strong>y refleja, tanto \"el agotamiento del efecto rebote en la recuperaci\u00f3n de 2021&#8243;, como \"los efectos de las<strong>&nbsp;pol\u00edticas monetarias restrictivas<\/strong>, mayores limitaciones del gasto fiscal, menores niveles de consumo e inversi\u00f3n y el deterioro del contexto externo\".<\/p>\n\n\n\n<p>\"Las respuestas de&nbsp;<strong>pol\u00edtica monetaria&nbsp;<\/strong>adoptadas a nivel mundial, en un contexto de aumento en la inflaci\u00f3n global, han provocado&nbsp;<strong>incrementos en la volatilidad financiera<\/strong>&nbsp;y en los niveles de aversi\u00f3n al riesgo y, por tanto, han inducido menores flujos de capital hacia econom\u00edas emergentes\", indic\u00f3 la instituci\u00f3n.<\/p>\n\n\n\n<p>En el Balance Preliminar de las Econom\u00edas de Am\u00e9rica Latina y el Caribe 2022 presentado este jueves, la\u00a0<strong>Cepal<\/strong>\u00a0apunta, sin embargo, que \"la\u00a0<strong>reducci\u00f3n<\/strong>\u00a0que se espera en la\u00a0<strong>inflaci\u00f3n global para el 2023<\/strong>\u00a0tender\u00e1 a\u00a0<strong>moderar los incrementos\u00a0<\/strong>de las tasas de pol\u00edtica monetaria de los principales bancos centrales\".<\/p>\n\n\n\n<p>fuente: Diario Libre <\/p>\n","protected":false},"excerpt":{"rendered":"<p>La Comisi\u00f3n Econ\u00f3mica para Am\u00e9rica Latina y el Caribe (Cepal) inform\u00f3 este jueves que para 2023 la econom\u00eda de&nbsp;Rep\u00fablica Dominicana crecer\u00e1 4.6 %, significando una ligera&nbsp;disminuci\u00f3n&nbsp;del 4.7 % que hab\u00eda proyectado&nbsp;el pasado octubre. Adem\u00e1s, indic\u00f3 que la&nbsp;desaceleraci\u00f3n econ\u00f3mica&nbsp;de la regi\u00f3n se profundizar\u00e1 en 2023 y que la tasa de crecimiento ser\u00e1 del 1.3 %, un&nbsp;0.1 [&hellip;]<\/p>\n","protected":false},"author":2,"featured_media":56249,"comment_status":"open","ping_status":"open","sticky":false,"template":"","format":"standard","meta":{"footnotes":""},"categories":[46],"tags":[],"class_list":{"0":"post-56248","1":"post","2":"type-post","3":"status-publish","4":"format-standard","5":"has-post-thumbnail","7":"category-economia"},"aioseo_notices":[],"amp_enabled":true,"_links":{"self":[{"href":"https:\/\/ahoramasrd.com.do\/index.php?rest_route=\/wp\/v2\/posts\/56248","targetHints":{"allow":["GET"]}}],"collection":[{"href":"https:\/\/ahoramasrd.com.do\/index.php?rest_route=\/wp\/v2\/posts"}],"about":[{"href":"https:\/\/ahoramasrd.com.do\/index.php?rest_route=\/wp\/v2\/types\/post"}],"author":[{"embeddable":true,"href":"https:\/\/ahoramasrd.com.do\/index.php?rest_route=\/wp\/v2\/users\/2"}],"replies":[{"embeddable":true,"href":"https:\/\/ahoramasrd.com.do\/index.php?rest_route=%2Fwp%2Fv2%2Fcomments&post=56248"}],"version-history":[{"count":0,"href":"https:\/\/ahoramasrd.com.do\/index.php?rest_route=\/wp\/v2\/posts\/56248\/revisions"}],"wp:featuredmedia":[{"embeddable":true,"href":"https:\/\/ahoramasrd.com.do\/index.php?rest_route=\/"}],"wp:attachment":[{"href":"https:\/\/ahoramasrd.com.do\/index.php?rest_route=%2Fwp%2Fv2%2Fmedia&parent=56248"}],"wp:term":[{"taxonomy":"category","embeddable":true,"href":"https:\/\/ahoramasrd.com.do\/index.php?rest_route=%2Fwp%2Fv2%2Fcategories&post=56248"},{"taxonomy":"post_tag","embeddable":true,"href":"https:\/\/ahoramasrd.com.do\/index.php?rest_route=%2Fwp%2Fv2%2Ftags&post=56248"}],"curies":[{"name":"wp","href":"https:\/\/api.w.org\/{rel}","templated":true}]}}