{"id":56643,"date":"2022-12-24T12:22:14","date_gmt":"2022-12-24T16:22:14","guid":{"rendered":"https:\/\/ahoramasrd.com.do\/?p=56643"},"modified":"2022-12-24T12:22:16","modified_gmt":"2022-12-24T16:22:16","slug":"la-prediccion-de-leonel-fernandez-sobre-la-economia-de-rd-para-el-2023","status":"publish","type":"post","link":"https:\/\/ahoramasrd.com.do\/?p=56643","title":{"rendered":"La predicci\u00f3n de Leonel Fern\u00e1ndez sobre la econom\u00eda de RD para el 2023"},"content":{"rendered":"\n<p>En el a\u00f1o 2023 se espera que el crecimiento econ\u00f3mico de la Rep\u00fablica Dominicana disminuya, seg\u00fan el expresidente de la Rep\u00fablica, Leonel Fern\u00e1ndez.<\/p>\n\n\n\n<p>Fern\u00e1ndez dijo una de las razones por las que se espera que la econom\u00eda dominicana se desacelere es por las pol\u00edticas monetarias del Banco Central, ya que, previo a la cena de Nochebuena, cada vez se ha sentido menos circulante.<\/p>\n\n\n\n<p>\u00abEntonces, es probable que ya estemos sintiendo los efectos de lo que esa pol\u00edtica significa, que ser\u00eda menos circulaci\u00f3n de dinero a la calle. En efecto, no se ha sentido hasta ahora porque la gente est\u00e1 en la casa. Pero siento que no ha tenido el impacto como en otras \u00e9pocas\u00bb, dijo el exjefe de Estado.<\/p>\n\n\n\n<p>Las consideraciones de tambi\u00e9n presidente del partido Fuerza del Pueblo coinciden con algunos expertos en materia econ\u00f3mica, los cuales creen que existen diversos factores que podr\u00edan contribuir a la disminuci\u00f3n del cremiento econ\u00f3mico en a\u00f1o 2023.<\/p>\n\n\n\n<p>Los duchos que conversaron con este diario apuntaron esencialmente a las divisas, la inflaci\u00f3n, la inversi\u00f3n extranjera y del sector inmobiliario como algunos de los factores que tambi\u00e9n intervendr\u00e1n para un buen panorama macroecon\u00f3mico.<\/p>\n\n\n\n<p>Le puede interesar: El BCIE emite bono educativo por 50 millones de d\u00f3lares en mercado de Jap\u00f3n<\/p>\n\n\n\n<p>Los informes del Banco Central, en tanto, detallan que la inflaci\u00f3n para el a\u00f1o 2023 en promedio ser\u00e1 de 5.7 %, con una expectativa de que presi\u00f3n inflacionaria disminuya. A esto se suma las pol\u00edticas monetarias dictadas por dicho organismo, que podr\u00edan influir en los pr\u00f3ximos 12 y hasta 24 meses.<\/p>\n\n\n\n<p>Pese a esto, expertos ven un crecimiento econ\u00f3mico en el pa\u00eds para el pr\u00f3ximo a\u00f1o: \u00abPercibo un crecimiento entre 4 y %, no va a ser igual a lo que estamos acostumbrados, pero ser\u00e1 b\u00e1sicamente por el crecimiento de Estados Unidos\u00bb, consider\u00f3 Richard Medina, quien a\u00f1adi\u00f3 que no se prev\u00e9 una recuperaci\u00f3n de los empleos formales privados, sumado a la baja que se espera en las divisas debido a la situaci\u00f3n que vive Estados Unidos, y un d\u00e9ficit fiscal de cerca de un 3 % del Producto Interno Bruto.<br>HOY<\/p>\n","protected":false},"excerpt":{"rendered":"<p>En el a\u00f1o 2023 se espera que el crecimiento econ\u00f3mico de la Rep\u00fablica Dominicana disminuya, seg\u00fan el expresidente de la Rep\u00fablica, Leonel Fern\u00e1ndez. Fern\u00e1ndez dijo una de las razones por las que se espera que la econom\u00eda dominicana se desacelere es por las pol\u00edticas monetarias del Banco Central, ya que, previo a la cena de [&hellip;]<\/p>\n","protected":false},"author":2,"featured_media":36444,"comment_status":"open","ping_status":"open","sticky":false,"template":"","format":"standard","meta":{"footnotes":""},"categories":[46],"tags":[],"class_list":{"0":"post-56643","1":"post","2":"type-post","3":"status-publish","4":"format-standard","5":"has-post-thumbnail","7":"category-economia"},"aioseo_notices":[],"amp_enabled":true,"_links":{"self":[{"href":"https:\/\/ahoramasrd.com.do\/index.php?rest_route=\/wp\/v2\/posts\/56643","targetHints":{"allow":["GET"]}}],"collection":[{"href":"https:\/\/ahoramasrd.com.do\/index.php?rest_route=\/wp\/v2\/posts"}],"about":[{"href":"https:\/\/ahoramasrd.com.do\/index.php?rest_route=\/wp\/v2\/types\/post"}],"author":[{"embeddable":true,"href":"https:\/\/ahoramasrd.com.do\/index.php?rest_route=\/wp\/v2\/users\/2"}],"replies":[{"embeddable":true,"href":"https:\/\/ahoramasrd.com.do\/index.php?rest_route=%2Fwp%2Fv2%2Fcomments&post=56643"}],"version-history":[{"count":0,"href":"https:\/\/ahoramasrd.com.do\/index.php?rest_route=\/wp\/v2\/posts\/56643\/revisions"}],"wp:featuredmedia":[{"embeddable":true,"href":"https:\/\/ahoramasrd.com.do\/index.php?rest_route=\/"}],"wp:attachment":[{"href":"https:\/\/ahoramasrd.com.do\/index.php?rest_route=%2Fwp%2Fv2%2Fmedia&parent=56643"}],"wp:term":[{"taxonomy":"category","embeddable":true,"href":"https:\/\/ahoramasrd.com.do\/index.php?rest_route=%2Fwp%2Fv2%2Fcategories&post=56643"},{"taxonomy":"post_tag","embeddable":true,"href":"https:\/\/ahoramasrd.com.do\/index.php?rest_route=%2Fwp%2Fv2%2Ftags&post=56643"}],"curies":[{"name":"wp","href":"https:\/\/api.w.org\/{rel}","templated":true}]}}