{"id":56654,"date":"2022-12-26T07:33:36","date_gmt":"2022-12-26T11:33:36","guid":{"rendered":"https:\/\/ahoramasrd.com.do\/?p=56654"},"modified":"2022-12-26T07:33:37","modified_gmt":"2022-12-26T11:33:37","slug":"augurios-positivos-en-rd-para-un-2023-retador-a-nivel-mundial","status":"publish","type":"post","link":"https:\/\/ahoramasrd.com.do\/?p=56654","title":{"rendered":"Augurios positivos en RD para un 2023 retador a nivel mundial"},"content":{"rendered":"\n<p>Dos de los&nbsp;<strong>organismos econ\u00f3micos<\/strong>internacionales vaticinan una&nbsp;<strong>ralentizaci\u00f3n<\/strong>del crecimiento global para&nbsp;&nbsp;<strong>2023<\/strong>, con indicadores poco alentadores para econom\u00edas en desarrollo. Sin embargo,&nbsp;<strong>Rep\u00fablica Dominicana<\/strong>, contin\u00faa situ\u00e1ndose como uno de los pa\u00edses que tendr\u00e1&nbsp;<strong>mejor desempe\u00f1o<\/strong>&nbsp;ante los nuevos riesgos que se imponen por la inflaci\u00f3n.<\/p>\n\n\n\n<p>El&nbsp;<strong>panorama&nbsp;<\/strong>ha sido planteado de la siguiente manera: se espera una ralentizaci\u00f3n econ\u00f3mica que se sentir\u00e1 como una&nbsp;<strong>recesi\u00f3n&nbsp;<\/strong>con una ca\u00edda por debajo del 2 %, nivel registrado por \u00faltima vez durante el brote de coronavirus y la crisis financiera mundial de 2009, seg\u00fan las previsiones del Fondo Monetario Internacional (<strong>FMI<\/strong>).<\/p>\n\n\n\n<p>El segundo planteamiento especifica que la econom\u00eda dominicana crecer\u00e1\u00a0<strong>4.6 %\u00a0<\/strong>para 2023, una ligera\u00a0<strong>disminuci\u00f3n\u00a0<\/strong>del 4.7 % en la estimaci\u00f3n que hab\u00eda proyectado el pasado octubre la Comisi\u00f3n Econ\u00f3mica para Am\u00e9rica Latina y el Caribe (<strong>Cepal<\/strong>).\u00a0<br>A <\/p>\n\n\n\n<p>pesar del complejo panorama econ\u00f3mico que se espera a nivel mundial para el pr\u00f3ximo a\u00f1o, entes productivos dominicanos&nbsp;<strong>conf\u00edan&nbsp;<\/strong>en que el pa\u00eds tendr\u00e1 mejor desempe\u00f1o que en 2022, con m\u00e1s y mejores&nbsp;<strong>inversiones<\/strong>,&nbsp;<strong>empleos&nbsp;<\/strong>y&nbsp;<strong>alianzas<\/strong>.<\/p>\n\n\n\n<h2 class=\"wp-block-heading\">C<strong>onfianza para seguir invirtiendo<\/strong><\/h2>\n\n\n\n<p><strong>Conep y AIRD<\/strong><\/p>\n\n\n\n<p>\u201cEl 2023 va ser un buen a\u00f1o\u201d. Con esta frase el presidente saliente del Consejo Nacional de la Empresa Privada (Conep), Pedro Brache, augura las mejores posiciones de desempe\u00f1o entre los pa\u00edses de la regi\u00f3n, gracias a la diversificaci\u00f3n del entramado productivo nacional.<\/p>\n\n\n\n<p>Se percibe que el crecimiento econ\u00f3mico ser\u00e1 cercano al 5 %, uno de los m\u00e1s importantes de la regi\u00f3n, pero se va tener que trabajar mucho, porque se esperan grandes retos, plante\u00f3 el empresario.<\/p>\n\n\n\n<p>Precis\u00f3 que los ajustes en la tasa de pol\u00edtica monetaria por parte del Banco Central son determinantes para evitar la fuga de capitales y mantener la estabilidad econ\u00f3mica. \u201cGracias a Dios la inflaci\u00f3n en Rep\u00fablica Dominicana est\u00e1 bajo control\u201d, dijo.<\/p>\n\n\n\n<p>Brache respondi\u00f3 preguntas a Diario Libre para conocer el sentir del sector empresarial ante las desalentadoras proyecciones econ\u00f3micas para la regi\u00f3n. Fue entusiasta, destacando las bondades de los sectores productivos.<\/p>\n\n\n\n<p>En esa misma l\u00ednea respondi\u00f3 el nuevo presidente de la Asociaci\u00f3n de Industrias de la Rep\u00fablica Dominicana (AIRD), Julio Virgilio Brache, quien apunt\u00f3 que dentro de los retos que se esperan de cara al 2023 est\u00e1 constituir m\u00e1s empresas de calidad para mejorar las brechas salariales. Otro foco de atenci\u00f3n es el fortalecimiento de la cooperaci\u00f3n p\u00fablico-privada.&nbsp;<\/p>\n\n\n\n<p>Termin\u00f3 asegurando que los actores de las industrias est\u00e1n a\u00fan m\u00e1s unidos para enfrentar los retos que depara el 2023 con resiliencia e innovaci\u00f3n.<\/p>\n\n\n\n<h2 class=\"wp-block-heading\"><strong>Apoyo para la miner\u00eda y focalizar inversiones<\/strong><\/h2>\n\n\n\n<p><strong>Amchamdr<\/strong><\/p>\n\n\n\n<p>\u201cSi bien el panorama se ve bastante retador de cara al 2023, tambi\u00e9n estamos esperanzados en que alcanzaremos las metas que nos tracemos, logrando \u00e9xito en los diferentes sectores que nos hemos planteado: zonas francas, turismo, comercio agroindustria y miner\u00eda\u201d, expres\u00f3 Roberto Herrera, presidente de la C\u00e1mara Americana de Comercio de la Rep\u00fablica Dominicana (Amchamdr).&nbsp;<\/p>\n\n\n\n<p>El economista considera que, ante las proyecciones marcadas por los organismos internacionales, Rep\u00fablica Dominicana cuenta con una s\u00f3lida base que se puede robustecer para seguir conteniendo las presiones externas y garantizar el ritmo econ\u00f3mico. Destac\u00f3 que la miner\u00eda es una de las \u00e1reas prometedoras para el desarrollo de nuevas fuentes de trabajo y dinamizar las exportaciones.<\/p>\n\n\n\n<p>\u201cSomos un pa\u00eds minero, y considero que esa actividad tiene futuro si los actores se ponen de acuerdo para lograr procesos sostenibles\u201d, sostuvo durante una conversaci\u00f3n con Diario Libre.<\/p>\n\n\n\n<p>Al referirse a las inversiones extranjeras, consider\u00f3 que la focalizaci\u00f3n de esos recursos es vital para el turismo y zonas francas que fungen como un motor generador de grandes aportes para la econom\u00eda.<\/p>\n\n\n\n<p>Durante la conversaci\u00f3n se refiri\u00f3 a la situaci\u00f3n sociopol\u00edtica en Hait\u00ed, planteando que los empresarios dominicanos esperan que el di\u00e1logo entre las autoridades haitianas prospere, para la estabilidad de esa econom\u00eda, que es destino importante de las exportaciones dominicanas.<\/p>\n\n\n\n<h2 class=\"wp-block-heading\">Un pacto social real y con modificaciones legales<\/h2>\n\n\n\n<p><strong>Sindicalistas<\/strong><\/p>\n\n\n\n<p>Desde el 2020, la lucha de los representantes de la clase trabajadora ha sido intensificar las acciones para recuperar la p\u00e9rdida del valor adquisitivo de los empleados, tema que apasiona al presidente de la Confederaci\u00f3n Nacional de Unidad Sindical (CNUS), Rafael \u2013Pepe\u2013 Abreu, quien espera alcanzar al menos tres metas para 2023.<\/p>\n\n\n\n<p>\u201cHay que decir que para los primeros dos meses del 2023 esperamos poder materializar el pacto social para mejorar los ingresos salariales de la clase trabajadora del pa\u00eds en todos sus renglones\u201d, indic\u00f3 el sindicalista.<\/p>\n\n\n\n<p>Dentro de las principales metas para priorizar en el pr\u00f3ximo a\u00f1o cit\u00f3: aumentar los salarios a nivel general, modificar el rango de los salarios exentos de pago de impuesto sobre la renta, ampliar la inserci\u00f3n al mercado laboral de los j\u00f3venes y consensuar una estrategia para estabilizar precios de los principales rubros y servicios que utiliza la clase trabajadora para mitigar la presi\u00f3n inflacionaria.<\/p>\n\n\n\n<p>En t\u00e9rminos generales, Abreu consider\u00f3 que la econom\u00eda dominicana va marchando conforme a los escenarios que se han ido presentando, situaci\u00f3n que lo lleva a pensar que el pa\u00eds se ver\u00e1 dinamizado y los rendimientos deben ser transferidos a la poblaci\u00f3n.<\/p>\n\n\n\n<p>En ese sentido, se\u00f1al\u00f3 la importancia de que se fomente la mano de obra dominicana, con mejores condiciones laborales, para contrarrestar la deserci\u00f3n estudiantil y los niveles de delincuencia.<\/p>\n\n\n\n<p>fuente: Diario Libre <\/p>\n","protected":false},"excerpt":{"rendered":"<p>Dos de los&nbsp;organismos econ\u00f3micosinternacionales vaticinan una&nbsp;ralentizaci\u00f3ndel crecimiento global para&nbsp;&nbsp;2023, con indicadores poco alentadores para econom\u00edas en desarrollo. Sin embargo,&nbsp;Rep\u00fablica Dominicana, contin\u00faa situ\u00e1ndose como uno de los pa\u00edses que tendr\u00e1&nbsp;mejor desempe\u00f1o&nbsp;ante los nuevos riesgos que se imponen por la inflaci\u00f3n. El&nbsp;panorama&nbsp;ha sido planteado de la siguiente manera: se espera una ralentizaci\u00f3n econ\u00f3mica que se sentir\u00e1 como [&hellip;]<\/p>\n","protected":false},"author":2,"featured_media":56655,"comment_status":"open","ping_status":"open","sticky":false,"template":"","format":"standard","meta":{"footnotes":""},"categories":[46],"tags":[],"class_list":{"0":"post-56654","1":"post","2":"type-post","3":"status-publish","4":"format-standard","5":"has-post-thumbnail","7":"category-economia"},"aioseo_notices":[],"amp_enabled":true,"_links":{"self":[{"href":"https:\/\/ahoramasrd.com.do\/index.php?rest_route=\/wp\/v2\/posts\/56654","targetHints":{"allow":["GET"]}}],"collection":[{"href":"https:\/\/ahoramasrd.com.do\/index.php?rest_route=\/wp\/v2\/posts"}],"about":[{"href":"https:\/\/ahoramasrd.com.do\/index.php?rest_route=\/wp\/v2\/types\/post"}],"author":[{"embeddable":true,"href":"https:\/\/ahoramasrd.com.do\/index.php?rest_route=\/wp\/v2\/users\/2"}],"replies":[{"embeddable":true,"href":"https:\/\/ahoramasrd.com.do\/index.php?rest_route=%2Fwp%2Fv2%2Fcomments&post=56654"}],"version-history":[{"count":0,"href":"https:\/\/ahoramasrd.com.do\/index.php?rest_route=\/wp\/v2\/posts\/56654\/revisions"}],"wp:featuredmedia":[{"embeddable":true,"href":"https:\/\/ahoramasrd.com.do\/index.php?rest_route=\/"}],"wp:attachment":[{"href":"https:\/\/ahoramasrd.com.do\/index.php?rest_route=%2Fwp%2Fv2%2Fmedia&parent=56654"}],"wp:term":[{"taxonomy":"category","embeddable":true,"href":"https:\/\/ahoramasrd.com.do\/index.php?rest_route=%2Fwp%2Fv2%2Fcategories&post=56654"},{"taxonomy":"post_tag","embeddable":true,"href":"https:\/\/ahoramasrd.com.do\/index.php?rest_route=%2Fwp%2Fv2%2Ftags&post=56654"}],"curies":[{"name":"wp","href":"https:\/\/api.w.org\/{rel}","templated":true}]}}