{"id":57073,"date":"2023-01-05T16:26:57","date_gmt":"2023-01-05T20:26:57","guid":{"rendered":"https:\/\/ahoramasrd.com.do\/?p=57073"},"modified":"2023-01-05T16:26:59","modified_gmt":"2023-01-05T20:26:59","slug":"la-razon-del-alza-del-precio-de-los-platanos-segun-el-ministro-de-agricultura","status":"publish","type":"post","link":"https:\/\/ahoramasrd.com.do\/?p=57073","title":{"rendered":"La raz\u00f3n del alza del precio de los pl\u00e1tanos, seg\u00fan el ministro de Agricultura"},"content":{"rendered":"\n<p>El Ministro de Agricultura, Limber Cruz, explic\u00f3 este jueves los factores por lo que se reflej\u00f3 para esta semana un alza en el precio del pl\u00e1tano.<\/p>\n\n\n\n<p>A trav\u00e9s de una publicaci\u00f3n en su cuenta de Twitter, Cruz expres\u00f3 que el incremento del valor de este productos se debe al incremento de las temperaturas bajas que disminuyen su producci\u00f3n y rendimiento.<\/p>\n\n\n\n<p>Asimismo, agreg\u00f3 que dos fen\u00f3menos: un tornado que afect\u00f3 la zona de mayor producci\u00f3n de este alimento y al hurac\u00e1n Fiona.<\/p>\n\n\n\n<p>\u201cEstos fen\u00f3menos nos afectaron poderosamente; sin embargo, hemos sembrado m\u00e1s que lo que se acostumbra y, a partir del pr\u00f3ximo mes, comenzar\u00e1 la recuperaci\u00f3n y tendremos abundancia de pl\u00e1tanos a precios justos\u201d, colg\u00f3 el funcionario en esta red social.<\/p>\n\n\n\n<p>Los ciudadanos han hecho sus denuncias a trav\u00e9s de las plataformas digitales sobre el incremento de precio del pl\u00e1tano de los supermercados y colmados, donde se encuentran entre los RD$25 y RD45 la unidad sin importar si son verdes o maduros.<\/p>\n\n\n\n<p>El ministro precis\u00f3 que en La Vega, Moca y Salcedo, que son las zonas de mayor producci\u00f3n de pl\u00e1tano, resoltaron afectadas el pasado 2022 por los fuertes vientos de un tornado.<\/p>\n\n\n\n<p>Mientras que, para el mes de septiembre sufrieron da\u00f1os las producciones por los efectos del hurac\u00e1n Fiona, afectando a su paso cerca de ocho provincias, algunas de ellas dedicadas a la plantaci\u00f3n de este v\u00edvere.<\/p>\n\n\n\n<p>\"Yo quiero decirle al pa\u00eds, que nosotros hemos sembrado m\u00e1s cantidad de pl\u00e1tanos que la que acostumbramos, lo que quiere decir, que con la recuperaci\u00f3n de los platanales, que empez\u00f3 lentamente y que en los pr\u00f3ximos meses aumentar\u00e1 su siembra que hemos hecho, vamos a tener abundacia de pl\u00e1tano\", dijo Cruz a la prensa, durante una visita que hizo a Saman\u00e1.<\/p>\n\n\n\n<p>El precio del pl\u00e1tano ha subido en estos d\u00edas como consecuencia de la \u00e9poca de temperaturas bajas que disminuyen su producci\u00f3n y rendimiento y los efectos de dos fen\u00f3menos: primero un fuerte tornado en las zonas de mayor producci\u00f3n y luego el hurac\u00e1n Fiona. pic.twitter.com\/qaFYuIIySc<\/p>\n\n\n\n<p>\u2014 Limber L. Cruz L\u00f3pez (@limbercruzl) January 5, 2023<\/p>\n\n\n\n<p>LISTIN DIARIO<\/p>\n","protected":false},"excerpt":{"rendered":"<p>El Ministro de Agricultura, Limber Cruz, explic\u00f3 este jueves los factores por lo que se reflej\u00f3 para esta semana un alza en el precio del pl\u00e1tano. A trav\u00e9s de una publicaci\u00f3n en su cuenta de Twitter, Cruz expres\u00f3 que el incremento del valor de este productos se debe al incremento de las temperaturas bajas que [&hellip;]<\/p>\n","protected":false},"author":2,"featured_media":57074,"comment_status":"open","ping_status":"open","sticky":false,"template":"","format":"standard","meta":{"footnotes":""},"categories":[46],"tags":[],"class_list":{"0":"post-57073","1":"post","2":"type-post","3":"status-publish","4":"format-standard","5":"has-post-thumbnail","7":"category-economia"},"aioseo_notices":[],"amp_enabled":true,"_links":{"self":[{"href":"https:\/\/ahoramasrd.com.do\/index.php?rest_route=\/wp\/v2\/posts\/57073","targetHints":{"allow":["GET"]}}],"collection":[{"href":"https:\/\/ahoramasrd.com.do\/index.php?rest_route=\/wp\/v2\/posts"}],"about":[{"href":"https:\/\/ahoramasrd.com.do\/index.php?rest_route=\/wp\/v2\/types\/post"}],"author":[{"embeddable":true,"href":"https:\/\/ahoramasrd.com.do\/index.php?rest_route=\/wp\/v2\/users\/2"}],"replies":[{"embeddable":true,"href":"https:\/\/ahoramasrd.com.do\/index.php?rest_route=%2Fwp%2Fv2%2Fcomments&post=57073"}],"version-history":[{"count":0,"href":"https:\/\/ahoramasrd.com.do\/index.php?rest_route=\/wp\/v2\/posts\/57073\/revisions"}],"wp:featuredmedia":[{"embeddable":true,"href":"https:\/\/ahoramasrd.com.do\/index.php?rest_route=\/"}],"wp:attachment":[{"href":"https:\/\/ahoramasrd.com.do\/index.php?rest_route=%2Fwp%2Fv2%2Fmedia&parent=57073"}],"wp:term":[{"taxonomy":"category","embeddable":true,"href":"https:\/\/ahoramasrd.com.do\/index.php?rest_route=%2Fwp%2Fv2%2Fcategories&post=57073"},{"taxonomy":"post_tag","embeddable":true,"href":"https:\/\/ahoramasrd.com.do\/index.php?rest_route=%2Fwp%2Fv2%2Ftags&post=57073"}],"curies":[{"name":"wp","href":"https:\/\/api.w.org\/{rel}","templated":true}]}}