{"id":58347,"date":"2023-03-01T10:38:37","date_gmt":"2023-03-01T14:38:37","guid":{"rendered":"https:\/\/ahoramasrd.com.do\/?p=58347"},"modified":"2023-03-01T10:38:38","modified_gmt":"2023-03-01T14:38:38","slug":"sie-destaca-discurso-del-presidente-luis-abinader-sobre-plantas-de-valorizacion-de-residuos","status":"publish","type":"post","link":"https:\/\/ahoramasrd.com.do\/?p=58347","title":{"rendered":"SIE destaca discurso del presidente Luis Abinader sobre plantas de valorizaci\u00f3n de residuos"},"content":{"rendered":"\n<p><\/p>\n\n\n\n<p>Santo Domingo. &#8211; El Presidente | CEO de la empresa Streamline Integrated Energy (SIE), Ing. Mitchell Van Heyningen, calific\u00f3 de extraordinario el discurso del presidente Luis Abinader durante su rendici\u00f3n de cuentas del 27 de febrero, al resaltar ante la Asamblea Nacional la importancia ambiental de los proyectos de construcci\u00f3n de plantas de valorizaci\u00f3n energ\u00e9tica de los residuos s\u00f3lidos urbanos, al tiempo que se refiri\u00f3 al correcto manejo de los residuos s\u00f3lidos que se ha convertido en el principal problema ambiental nacional.<\/p>\n\n\n\n<p>En ese sentido, el ingeniero Van Heyningen valor\u00f3 que el mandatario destacara en su discurso el apoyo del Gobierno a estas iniciativas del sector privado por sus grandes aportes, principalmente al medio ambiente, como soluci\u00f3n general al tema del destino final de la basura municipal, tambi\u00e9n como soluci\u00f3n a trav\u00e9s de la generaci\u00f3n de empleos de calidad y a trav\u00e9s de la inyecci\u00f3n de energ\u00eda el\u00e9ctrica al Sistema El\u00e9ctrico Nacional Interconectado (SENI).<\/p>\n\n\n\n<p>\u201cPara nosotros, en la empresa SIE, que estamos impulsando en San Pedro de Macor\u00eds el primer proyecto de infraestructura que va a convertir la basura urbana en energ\u00eda el\u00e9ctrica, con una potencia neta de 55MW, es fundamental contar con el apoyo firme del Gobierno, porque eso nos permite trabajar juntos en una real soluci\u00f3n para uno de los problemas ambientales m\u00e1s importantes que tiene la Rep\u00fablica Dominicana: el correcto manejo de los residuos s\u00f3lidos urbanos, y por ello nos complace mucho escuchar que el Presidente ha resaltado en su discurso la importancia de las plantas de valorizaci\u00f3n energ\u00e9tica para San Pedro de Macor\u00eds, San Francisco de Macor\u00eds y Saman\u00e1\u201d, explic\u00f3 el tambi\u00e9n fundador del SIE.<\/p>\n\n\n\n<p>Al rendir cuentas, el Jefe del Estado inform\u00f3 que, con la incorporaci\u00f3n este a\u00f1o de las plantas de valorizaci\u00f3n de Saman\u00e1, San Pedro de Macor\u00eds y San Francisco de Macor\u00eds, se impactar\u00e1 positivamente a m\u00e1s de 3,3 millones de personas, as\u00ed como la creaci\u00f3n de nuevas capacidades con la generaci\u00f3n de empleos a trav\u00e9s del sector privado.<\/p>\n\n\n\n<p>Asimismo, el mandatario dijo que con todas estas medidas se lograr\u00e1 operar de manera sustentable el 40% de los residuos s\u00f3lidos urbanos del pa\u00eds.<\/p>\n\n\n\n<p><em>Sobre el proyecto<\/em><\/p>\n\n\n\n<p>El proyecto de SPM est\u00e1 dise\u00f1ado espec\u00edficamente para cumplir con las condiciones del mercado local mientras utiliza las mejores pr\u00e1cticas de gesti\u00f3n de residuos disponibles a escala global. La tecnolog\u00eda mejorada procesar\u00e1 350 toneladas diarias de basura para ayudar a generar 55MW de electricidad.<br>Nuestros colaboradores internacionales estrat\u00e9gicos cuentan con instalaciones que operan de manera exitosa en Espa\u00f1a, como nuestra instalaci\u00f3n de referencia Zabalgarbi en Bilbao, Espa\u00f1a, dise\u00f1ada y operando desde 2005 por nuestro socio de ingenier\u00eda SENER. Adem\u00e1s, la instalaci\u00f3n de Vantaa, en Helsinki, Finlandia, dise\u00f1ada y operando en el 2014 por nuestro socio t\u00e9cnico AFRY, y la instalaci\u00f3n de West Palm Beach, EE. UU., operada desde 2015 por Babcock &amp; Wilcox (B&amp;W), nuestro socio operativo (O&amp;M).<\/p>\n\n\n\n<p>La Rep\u00fablica Dominicana liderar\u00e1 la regi\u00f3n en el establecimiento e implementaci\u00f3n de los m\u00e1s altos est\u00e1ndares ambientales para pr\u00e1cticas responsables de eliminaci\u00f3n de desechos s\u00f3lidos.<\/p>\n","protected":false},"excerpt":{"rendered":"<p>Santo Domingo. &#8211; El Presidente | CEO de la empresa Streamline Integrated Energy (SIE), Ing. Mitchell Van Heyningen, calific\u00f3 de extraordinario el discurso del presidente Luis Abinader durante su rendici\u00f3n de cuentas del 27 de febrero, al resaltar ante la Asamblea Nacional la importancia ambiental de los proyectos de construcci\u00f3n de plantas de valorizaci\u00f3n energ\u00e9tica [&hellip;]<\/p>\n","protected":false},"author":2,"featured_media":58348,"comment_status":"open","ping_status":"open","sticky":false,"template":"","format":"standard","meta":{"footnotes":""},"categories":[46],"tags":[],"class_list":{"0":"post-58347","1":"post","2":"type-post","3":"status-publish","4":"format-standard","5":"has-post-thumbnail","7":"category-economia"},"aioseo_notices":[],"amp_enabled":true,"_links":{"self":[{"href":"https:\/\/ahoramasrd.com.do\/index.php?rest_route=\/wp\/v2\/posts\/58347","targetHints":{"allow":["GET"]}}],"collection":[{"href":"https:\/\/ahoramasrd.com.do\/index.php?rest_route=\/wp\/v2\/posts"}],"about":[{"href":"https:\/\/ahoramasrd.com.do\/index.php?rest_route=\/wp\/v2\/types\/post"}],"author":[{"embeddable":true,"href":"https:\/\/ahoramasrd.com.do\/index.php?rest_route=\/wp\/v2\/users\/2"}],"replies":[{"embeddable":true,"href":"https:\/\/ahoramasrd.com.do\/index.php?rest_route=%2Fwp%2Fv2%2Fcomments&post=58347"}],"version-history":[{"count":0,"href":"https:\/\/ahoramasrd.com.do\/index.php?rest_route=\/wp\/v2\/posts\/58347\/revisions"}],"wp:featuredmedia":[{"embeddable":true,"href":"https:\/\/ahoramasrd.com.do\/index.php?rest_route=\/"}],"wp:attachment":[{"href":"https:\/\/ahoramasrd.com.do\/index.php?rest_route=%2Fwp%2Fv2%2Fmedia&parent=58347"}],"wp:term":[{"taxonomy":"category","embeddable":true,"href":"https:\/\/ahoramasrd.com.do\/index.php?rest_route=%2Fwp%2Fv2%2Fcategories&post=58347"},{"taxonomy":"post_tag","embeddable":true,"href":"https:\/\/ahoramasrd.com.do\/index.php?rest_route=%2Fwp%2Fv2%2Ftags&post=58347"}],"curies":[{"name":"wp","href":"https:\/\/api.w.org\/{rel}","templated":true}]}}