{"id":58443,"date":"2023-03-08T14:55:16","date_gmt":"2023-03-08T18:55:16","guid":{"rendered":"https:\/\/ahoramasrd.com.do\/?p=58443"},"modified":"2023-03-08T14:55:17","modified_gmt":"2023-03-08T18:55:17","slug":"david-collado-cierra-acuerdos-con-condor-para-cubrir-rutas-de-air-france-en-verano","status":"publish","type":"post","link":"https:\/\/ahoramasrd.com.do\/?p=58443","title":{"rendered":"David Collado cierra acuerdos con C\u00f3ndor para cubrir rutas de Air France en verano"},"content":{"rendered":"\n<p><strong>Berl\u00edn, Alemania. &#8211;<\/strong>El ministro de Turismo, David Collado, cerr\u00f3 este mi\u00e9rcoles acuerdos con la aerol\u00ednea C\u00f3ndor que garantizan una frecuencia de 8 vuelos semanales en el verano y diez durante el invierno hacia Rep\u00fablica Dominicana.<\/p>\n\n\n\n<p>Eso es parte de un acuerdo firmado por Collado con la aerol\u00ednea C\u00f3ndor en el marco de la feria ITB-Berl\u00edn para comenzar a cubrir las rutas de Air France en el verano.<\/p>\n\n\n\n<p>El convenio fue suscrito por el ministro Collado y Bernd Bechtel, director de Relaciones Aeroportuarias de C\u00f3ndor, en el marco de la feria ITB-Berl\u00edn, que inici\u00f3 este martes y se extiende hasta ma\u00f1ana jueves.<\/p>\n\n\n\n<p>El convenio incluye, tambi\u00e9n, de la extensi\u00f3n, por un a\u00f1o, del acuerdo que mantiene el Ministerio de Turismo y C\u00f3ndor.<\/p>\n\n\n\n<p>Bechtel dijo que ese acuerdo es parte del compromiso que tiene C\u00f3ndor con Rep\u00fablica Dominicana.<\/p>\n\n\n\n<p>El ministro Collado consider\u00f3 que la firma del acuerdo es de gran importancia para el pa\u00eds, ya que ayudar\u00e1 a comenzar a cubrir las rutas de Air France en el verano.<\/p>\n\n\n\n<p>\"Esto es una muy buena noticia para el pa\u00eds, por lo que agradecemos este apoyo de C\u00f3ndor\", manifest\u00f3 el ministro Collado, tras firmar el acuerdo con la aerol\u00ednea alemana.<\/p>\n\n\n\n<p>Asimismo, el coordinador del gabinete de Turismo inform\u00f3 que se realizan otras gestiones para garantizar m\u00e1s vuelos desde Europa en el verano.<\/p>\n","protected":false},"excerpt":{"rendered":"<p>Berl\u00edn, Alemania. &#8211;El ministro de Turismo, David Collado, cerr\u00f3 este mi\u00e9rcoles acuerdos con la aerol\u00ednea C\u00f3ndor que garantizan una frecuencia de 8 vuelos semanales en el verano y diez durante el invierno hacia Rep\u00fablica Dominicana. Eso es parte de un acuerdo firmado por Collado con la aerol\u00ednea C\u00f3ndor en el marco de la feria ITB-Berl\u00edn [&hellip;]<\/p>\n","protected":false},"author":2,"featured_media":58444,"comment_status":"open","ping_status":"open","sticky":false,"template":"","format":"standard","meta":{"footnotes":""},"categories":[46],"tags":[845,939,58],"class_list":{"0":"post-58443","1":"post","2":"type-post","3":"status-publish","4":"format-standard","5":"has-post-thumbnail","7":"category-economia","8":"tag-ahora-mas-rd","9":"tag-cada-minuto-una-verdad","10":"tag-republica-dominicana"},"aioseo_notices":[],"amp_enabled":true,"_links":{"self":[{"href":"https:\/\/ahoramasrd.com.do\/index.php?rest_route=\/wp\/v2\/posts\/58443","targetHints":{"allow":["GET"]}}],"collection":[{"href":"https:\/\/ahoramasrd.com.do\/index.php?rest_route=\/wp\/v2\/posts"}],"about":[{"href":"https:\/\/ahoramasrd.com.do\/index.php?rest_route=\/wp\/v2\/types\/post"}],"author":[{"embeddable":true,"href":"https:\/\/ahoramasrd.com.do\/index.php?rest_route=\/wp\/v2\/users\/2"}],"replies":[{"embeddable":true,"href":"https:\/\/ahoramasrd.com.do\/index.php?rest_route=%2Fwp%2Fv2%2Fcomments&post=58443"}],"version-history":[{"count":0,"href":"https:\/\/ahoramasrd.com.do\/index.php?rest_route=\/wp\/v2\/posts\/58443\/revisions"}],"wp:featuredmedia":[{"embeddable":true,"href":"https:\/\/ahoramasrd.com.do\/index.php?rest_route=\/"}],"wp:attachment":[{"href":"https:\/\/ahoramasrd.com.do\/index.php?rest_route=%2Fwp%2Fv2%2Fmedia&parent=58443"}],"wp:term":[{"taxonomy":"category","embeddable":true,"href":"https:\/\/ahoramasrd.com.do\/index.php?rest_route=%2Fwp%2Fv2%2Fcategories&post=58443"},{"taxonomy":"post_tag","embeddable":true,"href":"https:\/\/ahoramasrd.com.do\/index.php?rest_route=%2Fwp%2Fv2%2Ftags&post=58443"}],"curies":[{"name":"wp","href":"https:\/\/api.w.org\/{rel}","templated":true}]}}