{"id":58536,"date":"2023-03-14T18:49:07","date_gmt":"2023-03-14T22:49:07","guid":{"rendered":"https:\/\/ahoramasrd.com.do\/?p=58536"},"modified":"2023-03-14T18:49:08","modified_gmt":"2023-03-14T22:49:08","slug":"presidente-abinader-reitera-protegera-produccion-nacional-de-arroz","status":"publish","type":"post","link":"https:\/\/ahoramasrd.com.do\/?p=58536","title":{"rendered":"Presidente Abinader reitera proteger\u00e1 producci\u00f3n nacional de arroz"},"content":{"rendered":"\n<p>Uvero Alto, La Altagracia.-&nbsp;<strong>El Presidente Luis Abinader<\/strong>&nbsp;reiter\u00f3 hoy que, como expres\u00f3 en su discurso ante la Asamblea Nacional el pasado 27 de febrero, no permitir\u00e1 que se abra el mercado en la parte arrocera y que sobre todo&nbsp;<strong>proteger\u00e1 la producci\u00f3n nacional del cereal.<\/strong><\/p>\n\n\n\n<p><em>\u201cQue esto est\u00e9 claro, que vamos a proteger la producci\u00f3n nacional y m\u00e1s en estos momentos donde cada pa\u00eds tiene que garantizar la seguridad alimentaria\u201d,<\/em>&nbsp;enfatiz\u00f3 el mandatario.<\/p>\n\n\n\n<p>Manifest\u00f3 que&nbsp;<strong>desconoce la informaci\u00f3n de que Estados Unidos no quiere negociar con el pa\u00eds del DR Cafta&nbsp;<\/strong>porqueh esta naci\u00f3n como otros pa\u00edses, est\u00e1n subsidiando a los arroceros.<\/p>\n\n\n\n<p><strong>El Presidente Abinader habl\u00f3 en estos t\u00e9rminos mientras respond\u00eda inquietudes de los periodistas<\/strong>&nbsp;al concluir el acto de inicio de los trabajos de construcci\u00f3n del&nbsp;<strong>hotel W Punta Cana, en Uvero Alto<\/strong>, que ser\u00e1 desarrollado por el Grupo Puntacana, Mac Hotels y Marriott International, integrando 349 habitaciones en una propiedad de lujo solo para adultos y que&nbsp;<strong>generar\u00e1 600 empleos.<\/strong><\/p>\n\n\n\n<figure class=\"wp-block-image\"><img decoding=\"async\" src=\"https:\/\/presidencia.gob.do\/sites\/default\/files\/content\/2_160.jpeg\" alt=\"\" \/><\/figure>\n\n\n\n<p>Adem\u00e1s, el jefe de Estado indic\u00f3 que desde su llegada al Gobierno ha estado hablando con los Estados Unidos y precis\u00f3 que no han mostrado a\u00fan una posici\u00f3n, por lo que desconoce lo que sali\u00f3 en un diario de circulaci\u00f3n nacional sobre el tema.<\/p>\n\n\n\n<p><em>\u201cDe lo que t\u00fa s\u00ed puedes estar seguro es que la posici\u00f3n del Gobierno es proteger la producci\u00f3n nacional\u201d<\/em>, recalc\u00f3.<\/p>\n\n\n\n<p>En otro orden, el Presidente Abinader expres\u00f3 que&nbsp;<strong>se siente optimista<\/strong>&nbsp;porque a\u00fan en un ambiente internacional dif\u00edcil, en&nbsp;<strong>el pa\u00eds siguen las inversiones, el crecimiento econ\u00f3mico y el empleo,<\/strong>&nbsp;el cual est\u00e1 mejorando junto con el salario m\u00ednimo y espera mejoras en todos los niveles.<\/p>\n\n\n\n<p>En relaci\u00f3n a los&nbsp;<strong>incendios forestales<\/strong>, el mandatario dijo ha sido por la combinaci\u00f3n de la sequ\u00eda que afecta el pa\u00eds y otros provocados; sin embargo, reitero que&nbsp;<strong>ya el Gobierno est\u00e1 actuando en ese sentido.<\/strong><\/p>\n","protected":false},"excerpt":{"rendered":"<p>Uvero Alto, La Altagracia.-&nbsp;El Presidente Luis Abinader&nbsp;reiter\u00f3 hoy que, como expres\u00f3 en su discurso ante la Asamblea Nacional el pasado 27 de febrero, no permitir\u00e1 que se abra el mercado en la parte arrocera y que sobre todo&nbsp;proteger\u00e1 la producci\u00f3n nacional del cereal. \u201cQue esto est\u00e9 claro, que vamos a proteger la producci\u00f3n nacional y [&hellip;]<\/p>\n","protected":false},"author":2,"featured_media":58537,"comment_status":"open","ping_status":"open","sticky":false,"template":"","format":"standard","meta":{"footnotes":""},"categories":[44],"tags":[845,939,91],"class_list":{"0":"post-58536","1":"post","2":"type-post","3":"status-publish","4":"format-standard","5":"has-post-thumbnail","7":"category-actualidad","8":"tag-ahora-mas-rd","9":"tag-cada-minuto-una-verdad","10":"tag-gobierno-rd"},"aioseo_notices":[],"amp_enabled":true,"_links":{"self":[{"href":"https:\/\/ahoramasrd.com.do\/index.php?rest_route=\/wp\/v2\/posts\/58536","targetHints":{"allow":["GET"]}}],"collection":[{"href":"https:\/\/ahoramasrd.com.do\/index.php?rest_route=\/wp\/v2\/posts"}],"about":[{"href":"https:\/\/ahoramasrd.com.do\/index.php?rest_route=\/wp\/v2\/types\/post"}],"author":[{"embeddable":true,"href":"https:\/\/ahoramasrd.com.do\/index.php?rest_route=\/wp\/v2\/users\/2"}],"replies":[{"embeddable":true,"href":"https:\/\/ahoramasrd.com.do\/index.php?rest_route=%2Fwp%2Fv2%2Fcomments&post=58536"}],"version-history":[{"count":0,"href":"https:\/\/ahoramasrd.com.do\/index.php?rest_route=\/wp\/v2\/posts\/58536\/revisions"}],"wp:featuredmedia":[{"embeddable":true,"href":"https:\/\/ahoramasrd.com.do\/index.php?rest_route=\/"}],"wp:attachment":[{"href":"https:\/\/ahoramasrd.com.do\/index.php?rest_route=%2Fwp%2Fv2%2Fmedia&parent=58536"}],"wp:term":[{"taxonomy":"category","embeddable":true,"href":"https:\/\/ahoramasrd.com.do\/index.php?rest_route=%2Fwp%2Fv2%2Fcategories&post=58536"},{"taxonomy":"post_tag","embeddable":true,"href":"https:\/\/ahoramasrd.com.do\/index.php?rest_route=%2Fwp%2Fv2%2Ftags&post=58536"}],"curies":[{"name":"wp","href":"https:\/\/api.w.org\/{rel}","templated":true}]}}