{"id":58554,"date":"2023-03-15T10:36:28","date_gmt":"2023-03-15T14:36:28","guid":{"rendered":"https:\/\/ahoramasrd.com.do\/?p=58554"},"modified":"2023-03-15T10:36:29","modified_gmt":"2023-03-15T14:36:29","slug":"hieren-de-bala-a-nina-de-un-ano-de-edad-en-medio-de-paro-de-labores-en-navarrete","status":"publish","type":"post","link":"https:\/\/ahoramasrd.com.do\/?p=58554","title":{"rendered":"Hieren de bala a ni\u00f1a de un a\u00f1o de edad en medio de paro de labores en Navarrete"},"content":{"rendered":"\n<p>Por: <strong><strong>Onelio Dom\u00ednguez<\/strong><\/strong><\/p>\n\n\n\n<p><strong>Santiago. &#8211;<\/strong>Una menor de un a\u00f1o de edad result\u00f3 herida por un disparo la noche de este martes en medio del paro de labores de 48 horas convocado por la Coalici\u00f3n de Organizaciones Populares en el municipio de Navarrete, provincia de Santiago.<\/p>\n\n\n\n<p>A ra\u00edz del hecho, la ni\u00f1a fue trasladada al Hospital Doctor Arturo Grull\u00f3n de la provincia norte\u00f1a, donde permanece ingresada.<\/p>\n\n\n\n<p>De acuerdo con el informe m\u00e9dico, se observa una laceraci\u00f3n en el \u00e1rea dorsal de la infante, mientras que la bala dentro de su cuerpo se observa en los estudios e im\u00e1genes que le fueron practicados.<\/p>\n\n\n\n<p>La ni\u00f1a fue evaluada por el departamento de cirug\u00eda pedi\u00e1trica, actualmente se encuentra en condiciones generales estables.<\/p>\n\n\n\n<p><strong>El paro<\/strong><\/p>\n\n\n\n<p>Todas las actividades comerciales, laborales y educativas est\u00e1n paralizadas desde ayer martes ante el llamado de la coordinadora de Organizaciones Populares del Municipio de Navarrete, que tambi\u00e9n demanda la puesta en libertad de uno de sus miembros, quien guarda prisi\u00f3n acusado de herir a un polic\u00eda.<\/p>\n\n\n\n<p>Con el paro de 48 horas, los convocantes exigen la culminaci\u00f3n de las aceras y contenes de unos 10 sectores de ese municipio, servicio de agua potable y la puesta en libertad de Armando Garc\u00eda, quien cumple una medida de coerci\u00f3n por supuestamente herir a un miembro de la Polic\u00eda Nacional en medio de otra protesta. LD<\/p>\n","protected":false},"excerpt":{"rendered":"<p>Por: Onelio Dom\u00ednguez Santiago. &#8211;Una menor de un a\u00f1o de edad result\u00f3 herida por un disparo la noche de este martes en medio del paro de labores de 48 horas convocado por la Coalici\u00f3n de Organizaciones Populares en el municipio de Navarrete, provincia de Santiago. A ra\u00edz del hecho, la ni\u00f1a fue trasladada al Hospital [&hellip;]<\/p>\n","protected":false},"author":2,"featured_media":58555,"comment_status":"open","ping_status":"open","sticky":false,"template":"","format":"standard","meta":{"footnotes":""},"categories":[44],"tags":[845,939],"class_list":{"0":"post-58554","1":"post","2":"type-post","3":"status-publish","4":"format-standard","5":"has-post-thumbnail","7":"category-actualidad","8":"tag-ahora-mas-rd","9":"tag-cada-minuto-una-verdad"},"aioseo_notices":[],"amp_enabled":true,"_links":{"self":[{"href":"https:\/\/ahoramasrd.com.do\/index.php?rest_route=\/wp\/v2\/posts\/58554","targetHints":{"allow":["GET"]}}],"collection":[{"href":"https:\/\/ahoramasrd.com.do\/index.php?rest_route=\/wp\/v2\/posts"}],"about":[{"href":"https:\/\/ahoramasrd.com.do\/index.php?rest_route=\/wp\/v2\/types\/post"}],"author":[{"embeddable":true,"href":"https:\/\/ahoramasrd.com.do\/index.php?rest_route=\/wp\/v2\/users\/2"}],"replies":[{"embeddable":true,"href":"https:\/\/ahoramasrd.com.do\/index.php?rest_route=%2Fwp%2Fv2%2Fcomments&post=58554"}],"version-history":[{"count":0,"href":"https:\/\/ahoramasrd.com.do\/index.php?rest_route=\/wp\/v2\/posts\/58554\/revisions"}],"wp:featuredmedia":[{"embeddable":true,"href":"https:\/\/ahoramasrd.com.do\/index.php?rest_route=\/"}],"wp:attachment":[{"href":"https:\/\/ahoramasrd.com.do\/index.php?rest_route=%2Fwp%2Fv2%2Fmedia&parent=58554"}],"wp:term":[{"taxonomy":"category","embeddable":true,"href":"https:\/\/ahoramasrd.com.do\/index.php?rest_route=%2Fwp%2Fv2%2Fcategories&post=58554"},{"taxonomy":"post_tag","embeddable":true,"href":"https:\/\/ahoramasrd.com.do\/index.php?rest_route=%2Fwp%2Fv2%2Ftags&post=58554"}],"curies":[{"name":"wp","href":"https:\/\/api.w.org\/{rel}","templated":true}]}}