{"id":58560,"date":"2023-03-15T15:34:05","date_gmt":"2023-03-15T19:34:05","guid":{"rendered":"https:\/\/ahoramasrd.com.do\/?p=58560"},"modified":"2023-03-15T15:34:06","modified_gmt":"2023-03-15T19:34:06","slug":"diputados-aprueban-proyecto-de-ley-que-establece-facturacion-electronica-obligatoria","status":"publish","type":"post","link":"https:\/\/ahoramasrd.com.do\/?p=58560","title":{"rendered":"Diputados aprueban proyecto de ley que establece facturaci\u00f3n electr\u00f3nica obligatoria"},"content":{"rendered":"\n<p><strong>Santo Domingo. &#8211;<\/strong>La C\u00e1mara de Diputados aprob\u00f3 en primera lectura el proyecto de ley de facturaci\u00f3n electr\u00f3nica de la Rep\u00fablica Dominicana que busca implementar este formato de cobro de manera obligatoria para todas las personas f\u00edsicas y jur\u00eddicas en el pa\u00eds.<\/p>\n\n\n\n<p>El proyecto, depositado por el Poder Ejecutivo, pretende tambi\u00e9n regular la facturaci\u00f3n electr\u00f3nica y establecer el sistema fiscal de la misma.<\/p>\n\n\n\n<p>Tambi\u00e9n la pieza indica que se penalizar\u00e1 con sanciones a las personas que intenten hackear el sistema tributario creado a partir de la posible promulgaci\u00f3n de esta pieza, con multas de hasta 10 a\u00f1os de prisi\u00f3n y 400 salarios m\u00ednimos.<\/p>\n\n\n\n<p>De igual manera, establece un plazo durante todo un a\u00f1o para que los contribuyentes se adapten al sistema de facturaci\u00f3n electr\u00f3nica.<\/p>\n\n\n\n<p>El proyecto abarca a todos los contribuyentes f\u00edsicos y jur\u00eddicos, tanto p\u00fablicos como privados, as\u00ed como a entes que realicen transferencias de bienes, entregas en uso, petici\u00f3n y locaci\u00f3n de servicios a t\u00edtulo oneroso o gratuito.<\/p>\n\n\n\n<p>La pieza, tras ser aprobada en una primera lectura, fue remitida a una comisi\u00f3n para realizar algunas modificaciones de cara a la segunda sanci\u00f3n.<\/p>\n","protected":false},"excerpt":{"rendered":"<p>Santo Domingo. &#8211;La C\u00e1mara de Diputados aprob\u00f3 en primera lectura el proyecto de ley de facturaci\u00f3n electr\u00f3nica de la Rep\u00fablica Dominicana que busca implementar este formato de cobro de manera obligatoria para todas las personas f\u00edsicas y jur\u00eddicas en el pa\u00eds. El proyecto, depositado por el Poder Ejecutivo, pretende tambi\u00e9n regular la facturaci\u00f3n electr\u00f3nica y [&hellip;]<\/p>\n","protected":false},"author":2,"featured_media":58561,"comment_status":"open","ping_status":"open","sticky":false,"template":"","format":"standard","meta":{"footnotes":""},"categories":[44,46],"tags":[845,939],"class_list":{"0":"post-58560","1":"post","2":"type-post","3":"status-publish","4":"format-standard","5":"has-post-thumbnail","7":"category-actualidad","8":"category-economia","9":"tag-ahora-mas-rd","10":"tag-cada-minuto-una-verdad"},"aioseo_notices":[],"amp_enabled":true,"_links":{"self":[{"href":"https:\/\/ahoramasrd.com.do\/index.php?rest_route=\/wp\/v2\/posts\/58560","targetHints":{"allow":["GET"]}}],"collection":[{"href":"https:\/\/ahoramasrd.com.do\/index.php?rest_route=\/wp\/v2\/posts"}],"about":[{"href":"https:\/\/ahoramasrd.com.do\/index.php?rest_route=\/wp\/v2\/types\/post"}],"author":[{"embeddable":true,"href":"https:\/\/ahoramasrd.com.do\/index.php?rest_route=\/wp\/v2\/users\/2"}],"replies":[{"embeddable":true,"href":"https:\/\/ahoramasrd.com.do\/index.php?rest_route=%2Fwp%2Fv2%2Fcomments&post=58560"}],"version-history":[{"count":0,"href":"https:\/\/ahoramasrd.com.do\/index.php?rest_route=\/wp\/v2\/posts\/58560\/revisions"}],"wp:featuredmedia":[{"embeddable":true,"href":"https:\/\/ahoramasrd.com.do\/index.php?rest_route=\/"}],"wp:attachment":[{"href":"https:\/\/ahoramasrd.com.do\/index.php?rest_route=%2Fwp%2Fv2%2Fmedia&parent=58560"}],"wp:term":[{"taxonomy":"category","embeddable":true,"href":"https:\/\/ahoramasrd.com.do\/index.php?rest_route=%2Fwp%2Fv2%2Fcategories&post=58560"},{"taxonomy":"post_tag","embeddable":true,"href":"https:\/\/ahoramasrd.com.do\/index.php?rest_route=%2Fwp%2Fv2%2Ftags&post=58560"}],"curies":[{"name":"wp","href":"https:\/\/api.w.org\/{rel}","templated":true}]}}