{"id":58563,"date":"2023-03-15T18:04:54","date_gmt":"2023-03-15T22:04:54","guid":{"rendered":"https:\/\/ahoramasrd.com.do\/?p=58563"},"modified":"2023-03-15T18:04:55","modified_gmt":"2023-03-15T22:04:55","slug":"medio-ambiente-informa-siete-personas-han-sido-detenidas-por-incendios-de-punta-cana-bomberos-forestales-continuan-trabajando-para-sofocarlo","status":"publish","type":"post","link":"https:\/\/ahoramasrd.com.do\/?p=58563","title":{"rendered":"Medio Ambiente informa siete personas han sido detenidas por incendios de Punta Cana; bomberos forestales contin\u00faan trabajando para sofocarlo"},"content":{"rendered":"\n<p><\/p>\n\n\n\n<p>Punta Cana. RD- El Ministerio de Medio Ambiente y Recursos Naturales inform\u00f3 que el Servicio Nacional de Protecci\u00f3n Ambiental (SENPA) y la Procuradur\u00eda General de Medio Ambiente detuvieron a siete personas que se encontraban provocando incendios en Punta Cana.<\/p>\n\n\n\n<p>Los acusados de provocar estos siniestros est\u00e1n bajo el control de la Polic\u00eda Nacional y el Ministerio P\u00fablico, para fines de sometimiento a la justicia.<\/p>\n\n\n\n<p>Ma\u00f1ana se estar\u00e1 conociendo la solicitud de medida coerci\u00f3n contra los detenidos, mientras que en los casos donde est\u00e1n involucradas inmobiliarias se est\u00e1 instrumentando los documentos para procesarlos con sanciones administrativas y sometimientos a la justicia.<\/p>\n\n\n\n<p>Una comisi\u00f3n de t\u00e9cnicos conformada por la Direcci\u00f3n de Fiscalizaci\u00f3n y Gesti\u00f3n de Riesgos realiz\u00f3 una exhaustiva inspecci\u00f3n en la zona tur\u00edstica en Ver\u00f3n, Punta Cana, foco de los diversos incendios, donde recorrieron las \u00e1reas afectadas y se confirmaron las causas que provocaron los 81 incendios.<\/p>\n\n\n\n<p>La investigaci\u00f3n arroj\u00f3 que los fuegos, fueron producidos por la limpieza de solares, m\u00e9todos inadecuados de control de plaga y m\u00ednimos vertederos improvisados, siendo m\u00e1s frecuente en las zonas de B\u00e1varo, Friusa, Boulevard, el Coral, Ver\u00f3n, Cocotal y avenida Circunvalaci\u00f3n.<\/p>\n\n\n\n<p>Tambi\u00e9n se determin\u00f3 que estos siniestros han sido producidos por desarrolladores inmobiliarios, quienes con el objetivo de limpiar sus terrenos incendian los mismos sin la implementaci\u00f3n de alg\u00fan tipo de medida para prevenir que este se extienda o afecte a la poblaci\u00f3n.<\/p>\n\n\n\n<p>Trabajan arduamente para sofocar los incendios tres t\u00e9cnicos de manejo del fuego, 16 bomberos forestales, siete guardaparques, 27 soldados de la UHR y cuatro unidades de bomberos estructurales con el apoyo del grupo Cap Cana y Punta Cana.<\/p>\n\n\n\n<p>Se han logrado eliminar varios focos de fuego y los que quedan se pretenden eliminar ma\u00f1ana.<\/p>\n\n\n\n<p>Pr\u00f3ximo a los focos de incendios se observan letreros de proyectos inmobiliarios y ventas de terrenos los cuales est\u00e1n bajo investigaci\u00f3n para confirmar el estado de permisolog\u00eda y descartar v\u00ednculos.<\/p>\n","protected":false},"excerpt":{"rendered":"<p>Punta Cana. RD- El Ministerio de Medio Ambiente y Recursos Naturales inform\u00f3 que el Servicio Nacional de Protecci\u00f3n Ambiental (SENPA) y la Procuradur\u00eda General de Medio Ambiente detuvieron a siete personas que se encontraban provocando incendios en Punta Cana. Los acusados de provocar estos siniestros est\u00e1n bajo el control de la Polic\u00eda Nacional y el [&hellip;]<\/p>\n","protected":false},"author":2,"featured_media":58564,"comment_status":"open","ping_status":"open","sticky":false,"template":"","format":"standard","meta":{"footnotes":""},"categories":[44],"tags":[],"class_list":{"0":"post-58563","1":"post","2":"type-post","3":"status-publish","4":"format-standard","5":"has-post-thumbnail","7":"category-actualidad"},"aioseo_notices":[],"amp_enabled":true,"_links":{"self":[{"href":"https:\/\/ahoramasrd.com.do\/index.php?rest_route=\/wp\/v2\/posts\/58563","targetHints":{"allow":["GET"]}}],"collection":[{"href":"https:\/\/ahoramasrd.com.do\/index.php?rest_route=\/wp\/v2\/posts"}],"about":[{"href":"https:\/\/ahoramasrd.com.do\/index.php?rest_route=\/wp\/v2\/types\/post"}],"author":[{"embeddable":true,"href":"https:\/\/ahoramasrd.com.do\/index.php?rest_route=\/wp\/v2\/users\/2"}],"replies":[{"embeddable":true,"href":"https:\/\/ahoramasrd.com.do\/index.php?rest_route=%2Fwp%2Fv2%2Fcomments&post=58563"}],"version-history":[{"count":0,"href":"https:\/\/ahoramasrd.com.do\/index.php?rest_route=\/wp\/v2\/posts\/58563\/revisions"}],"wp:featuredmedia":[{"embeddable":true,"href":"https:\/\/ahoramasrd.com.do\/index.php?rest_route=\/"}],"wp:attachment":[{"href":"https:\/\/ahoramasrd.com.do\/index.php?rest_route=%2Fwp%2Fv2%2Fmedia&parent=58563"}],"wp:term":[{"taxonomy":"category","embeddable":true,"href":"https:\/\/ahoramasrd.com.do\/index.php?rest_route=%2Fwp%2Fv2%2Fcategories&post=58563"},{"taxonomy":"post_tag","embeddable":true,"href":"https:\/\/ahoramasrd.com.do\/index.php?rest_route=%2Fwp%2Fv2%2Ftags&post=58563"}],"curies":[{"name":"wp","href":"https:\/\/api.w.org\/{rel}","templated":true}]}}