{"id":58566,"date":"2023-03-15T21:02:02","date_gmt":"2023-03-16T01:02:02","guid":{"rendered":"https:\/\/ahoramasrd.com.do\/?p=58566"},"modified":"2023-03-15T21:02:03","modified_gmt":"2023-03-16T01:02:03","slug":"congresistas-estadounidenses-se-reunen-con-abinader-y-reconocen-derecho-de-rd-a-determinar-su-politica-migratoria","status":"publish","type":"post","link":"https:\/\/ahoramasrd.com.do\/?p=58566","title":{"rendered":"Congresistas estadounidenses se re\u00fanen con Abinader y reconocen derecho de RD a determinar su pol\u00edtica migratoria"},"content":{"rendered":"\n<p>Una comisi\u00f3n de congresistas estadounidenses, encabezada por Mario D\u00edaz-Balart, sostuvo la tarde de este mi\u00e9rcoles una reuni\u00f3n con el presidente Luis Abinader, con quien abordaron diversos aspectos de las relaciones bilaterales entre ambos pa\u00edses.<\/p>\n\n\n\n<p>Al ser abordado por la prensa y cuestionado sobre lo tratado en dicho encuentro, el congresista D\u00edaz Balart dijo que \u00e9l y sus acompa\u00f1antes hab\u00edan sostenido una reuni\u00f3n muy positiva con el presidente Abinader.<\/p>\n\n\n\n<p>\u201cEsta es una comisi\u00f3n bipartidista del Comit\u00e9 de Asignaci\u00f3n de Presupuesto de los Estados Unidos en la C\u00e1mara de Representantes y tuvimos una reuni\u00f3n muy positiva con el presidente y sus ministros\u201d, recalc\u00f3.<\/p>\n\n\n\n<p>D\u00edaz-Balart dijo que lo primero era, reconocer la importancia de la relaci\u00f3n muy especial entre la Rep\u00fablica Dominicana y los Estados Unidos.<\/p>\n\n\n\n<p>\u201cY n\u00famero dos, reconocer que la Rep\u00fablica Dominicana tiene el derecho y obligaci\u00f3n de proteger su pa\u00eds y determinar cu\u00e1l es la pol\u00edtica migratoria u otro tipo de pol\u00edtica de Estado\u201d, sostuvo.<\/p>\n\n\n\n<p>Expuso que el grupo de legisladores de Estados Unidos estuvo aqu\u00ed para agradecerle al mandatario dominicano su labor y liderazgo que afirm\u00f3, ha sido notado no solamente en el hemisferio, sino tambi\u00e9n dentro de los pasillos del Capitolio de los Estados Unidos.<\/p>\n\n\n\n<p>\u201cReconocemos el liderazgo del presidente y reconocemos lo que ha logrado y lo que va a seguir logrando\u201d, puntualiz\u00f3.<\/p>\n\n\n\n<p>D\u00edaz-Balart dijo que \u00e9l y sus compa\u00f1eros hab\u00edan escuchado los temas de importancia del presidente y sus ministros, y que ahora regresaban a Estados Unidos con la tarea de seguir haciendo todo lo posible para estrechar a\u00fan m\u00e1s la relaci\u00f3n entre Rep\u00fablica Dominicana y Estados Unidos.<\/p>\n\n\n\n<p>Manifest\u00f3 que esa relaci\u00f3n nunca hab\u00eda sido m\u00e1s importante y positiva como ahora.<\/p>\n\n\n\n<p>\u201cTenemos algunas cosas que seguir avanzando y mejorando, con el liderazgo del presidente Abinader, para lograr a\u00fan m\u00e1s, estrechar esos lazos\u201d, indic\u00f3 D\u00edaz-Balart.<\/p>\n\n\n\n<p>Adem\u00e1s de D\u00edaz-Balart, estuvieron presentes, Erin Kolodjesky, Sud\u00e1n Adams Ryan Peseckas, Michael Quigley, Guy Reschenthaler y el se\u00f1or Roger Noriega.<\/p>\n\n\n\n<p>El presidente Abinader estuvo acompa\u00f1ado por los ministros, Roberto \u00c1lvarez, de Relaciones Exteriores y Joel Santos de la Presidencia.<\/p>\n","protected":false},"excerpt":{"rendered":"<p>Una comisi\u00f3n de congresistas estadounidenses, encabezada por Mario D\u00edaz-Balart, sostuvo la tarde de este mi\u00e9rcoles una reuni\u00f3n con el presidente Luis Abinader, con quien abordaron diversos aspectos de las relaciones bilaterales entre ambos pa\u00edses. Al ser abordado por la prensa y cuestionado sobre lo tratado en dicho encuentro, el congresista D\u00edaz Balart dijo que \u00e9l [&hellip;]<\/p>\n","protected":false},"author":2,"featured_media":58567,"comment_status":"open","ping_status":"open","sticky":false,"template":"","format":"standard","meta":{"footnotes":""},"categories":[44],"tags":[845,939],"class_list":{"0":"post-58566","1":"post","2":"type-post","3":"status-publish","4":"format-standard","5":"has-post-thumbnail","7":"category-actualidad","8":"tag-ahora-mas-rd","9":"tag-cada-minuto-una-verdad"},"aioseo_notices":[],"amp_enabled":true,"_links":{"self":[{"href":"https:\/\/ahoramasrd.com.do\/index.php?rest_route=\/wp\/v2\/posts\/58566","targetHints":{"allow":["GET"]}}],"collection":[{"href":"https:\/\/ahoramasrd.com.do\/index.php?rest_route=\/wp\/v2\/posts"}],"about":[{"href":"https:\/\/ahoramasrd.com.do\/index.php?rest_route=\/wp\/v2\/types\/post"}],"author":[{"embeddable":true,"href":"https:\/\/ahoramasrd.com.do\/index.php?rest_route=\/wp\/v2\/users\/2"}],"replies":[{"embeddable":true,"href":"https:\/\/ahoramasrd.com.do\/index.php?rest_route=%2Fwp%2Fv2%2Fcomments&post=58566"}],"version-history":[{"count":0,"href":"https:\/\/ahoramasrd.com.do\/index.php?rest_route=\/wp\/v2\/posts\/58566\/revisions"}],"wp:featuredmedia":[{"embeddable":true,"href":"https:\/\/ahoramasrd.com.do\/index.php?rest_route=\/"}],"wp:attachment":[{"href":"https:\/\/ahoramasrd.com.do\/index.php?rest_route=%2Fwp%2Fv2%2Fmedia&parent=58566"}],"wp:term":[{"taxonomy":"category","embeddable":true,"href":"https:\/\/ahoramasrd.com.do\/index.php?rest_route=%2Fwp%2Fv2%2Fcategories&post=58566"},{"taxonomy":"post_tag","embeddable":true,"href":"https:\/\/ahoramasrd.com.do\/index.php?rest_route=%2Fwp%2Fv2%2Ftags&post=58566"}],"curies":[{"name":"wp","href":"https:\/\/api.w.org\/{rel}","templated":true}]}}