{"id":58569,"date":"2023-03-15T21:56:40","date_gmt":"2023-03-16T01:56:40","guid":{"rendered":"https:\/\/ahoramasrd.com.do\/?p=58569"},"modified":"2023-03-15T21:56:41","modified_gmt":"2023-03-16T01:56:41","slug":"presidente-abinader-desarrollara-agenda-de-trabajo-en-distrito-nacional-y-montecristi-este-jueves%ef%bf%bc","status":"publish","type":"post","link":"https:\/\/ahoramasrd.com.do\/?p=58569","title":{"rendered":"Presidente Abinader desarrollar\u00e1 agenda de trabajo en Distrito Nacional y Montecristi este jueves\ufffc"},"content":{"rendered":"\n<p>Santo Domingo.- Durante este jueves 16 de marzo,&nbsp;<strong>el Presidente Abinader<\/strong>&nbsp;desarrollar\u00e1 una&nbsp;<strong>agenda de trabajo<\/strong>&nbsp;que iniciar\u00e1 a las 10:30 de la ma\u00f1ana en el Distrito Nacional con la&nbsp;<strong>inauguraci\u00f3n de la unidad de an\u00e1lisis del Ministerio de Hacienda<\/strong>, en la calle Danae #5 del sector de Gascue.<\/p>\n\n\n\n<p>Posteriormente, el mandatario viajar\u00e1 a la&nbsp;<strong>L\u00ednea Noroeste<\/strong>, provincia Montecristi, donde encabezar\u00e1 la&nbsp;<strong>entrega de t\u00edtulos<\/strong>&nbsp;de propiedad en la comunidad de El Pocito, Guayub\u00edn, y luego realizar\u00e1 una visita a la&nbsp;<strong>Empresa Universal Aloe<\/strong>.<\/p>\n\n\n\n<p>M\u00e1s tarde, el Presidente Abinader presidir\u00e1 la inauguraci\u00f3n de los&nbsp;<strong>proyectos de iluminaci\u00f3n<\/strong>&nbsp;en Las Matas, Boh\u00edo Viejo, Corcobado, La Playa y Pueblo Buen Hombre, as\u00ed como el&nbsp;<strong>polideportivo de Las Matas de Santa Cruz.<\/strong><\/p>\n","protected":false},"excerpt":{"rendered":"<p>Santo Domingo.- Durante este jueves 16 de marzo,&nbsp;el Presidente Abinader&nbsp;desarrollar\u00e1 una&nbsp;agenda de trabajo&nbsp;que iniciar\u00e1 a las 10:30 de la ma\u00f1ana en el Distrito Nacional con la&nbsp;inauguraci\u00f3n de la unidad de an\u00e1lisis del Ministerio de Hacienda, en la calle Danae #5 del sector de Gascue. Posteriormente, el mandatario viajar\u00e1 a la&nbsp;L\u00ednea Noroeste, provincia Montecristi, donde encabezar\u00e1 [&hellip;]<\/p>\n","protected":false},"author":2,"featured_media":51625,"comment_status":"open","ping_status":"open","sticky":false,"template":"","format":"standard","meta":{"footnotes":""},"categories":[44],"tags":[845,939,93,58],"class_list":{"0":"post-58569","1":"post","2":"type-post","3":"status-publish","4":"format-standard","5":"has-post-thumbnail","7":"category-actualidad","8":"tag-ahora-mas-rd","9":"tag-cada-minuto-una-verdad","10":"tag-luis-abinader","11":"tag-republica-dominicana"},"aioseo_notices":[],"amp_enabled":true,"_links":{"self":[{"href":"https:\/\/ahoramasrd.com.do\/index.php?rest_route=\/wp\/v2\/posts\/58569","targetHints":{"allow":["GET"]}}],"collection":[{"href":"https:\/\/ahoramasrd.com.do\/index.php?rest_route=\/wp\/v2\/posts"}],"about":[{"href":"https:\/\/ahoramasrd.com.do\/index.php?rest_route=\/wp\/v2\/types\/post"}],"author":[{"embeddable":true,"href":"https:\/\/ahoramasrd.com.do\/index.php?rest_route=\/wp\/v2\/users\/2"}],"replies":[{"embeddable":true,"href":"https:\/\/ahoramasrd.com.do\/index.php?rest_route=%2Fwp%2Fv2%2Fcomments&post=58569"}],"version-history":[{"count":0,"href":"https:\/\/ahoramasrd.com.do\/index.php?rest_route=\/wp\/v2\/posts\/58569\/revisions"}],"wp:featuredmedia":[{"embeddable":true,"href":"https:\/\/ahoramasrd.com.do\/index.php?rest_route=\/"}],"wp:attachment":[{"href":"https:\/\/ahoramasrd.com.do\/index.php?rest_route=%2Fwp%2Fv2%2Fmedia&parent=58569"}],"wp:term":[{"taxonomy":"category","embeddable":true,"href":"https:\/\/ahoramasrd.com.do\/index.php?rest_route=%2Fwp%2Fv2%2Fcategories&post=58569"},{"taxonomy":"post_tag","embeddable":true,"href":"https:\/\/ahoramasrd.com.do\/index.php?rest_route=%2Fwp%2Fv2%2Ftags&post=58569"}],"curies":[{"name":"wp","href":"https:\/\/api.w.org\/{rel}","templated":true}]}}