{"id":58753,"date":"2023-03-26T10:32:09","date_gmt":"2023-03-26T14:32:09","guid":{"rendered":"https:\/\/ahoramasrd.com.do\/?p=58753"},"modified":"2023-03-26T10:32:10","modified_gmt":"2023-03-26T14:32:10","slug":"bcrd-concluye-la-semana-economica-y-financiera-2023-con-la-premiacion-del-certamen-economistas-del-futuro","status":"publish","type":"post","link":"https:\/\/ahoramasrd.com.do\/?p=58753","title":{"rendered":"BCRD concluye la Semana Econ\u00f3mica y Financiera 2023 con la premiaci\u00f3n del certamen \u2018Economistas del Futuro\u2019"},"content":{"rendered":"\n<p><em>\u00c9xito de asistencia con m\u00e1s de 5 mil ni\u00f1os y 41 instituciones, y repercusi\u00f3n de la conferencia \u2018Inteligencia artificial: de tendencia a realidad, su incidencia en la comunicaci\u00f3n\u2019, impartida por la dircom Luisa Alli Turrillas<\/em><\/p>\n\n\n\n<p><strong>Santo Domingo. Rep\u00fablica Dominicana. &#8211;<\/strong> El Banco Central de la Rep\u00fablica Dominicana (BCRD) finaliz\u00f3 la 9\u00aa Semana Econ\u00f3mica y Financiera (#sefBCRD), un evento que forma parte de su programa de responsabilidad social \u2018Aula Central para la educaci\u00f3n econ\u00f3mica y financiera\u2019, con un \u00e9xito de organizaci\u00f3n y asistencia, la cual se contabiliz\u00f3 en m\u00e1s de 5,000 ni\u00f1os, con una media superior a mil visitantes por d\u00eda, pertenecientes a 90 centros educativos procedentes de todo el pa\u00eds, que acudieron a los recintos de Santo Domingo y la Oficina Regional de Santiago de los Caballeros.<\/p>\n\n\n\n<p>La Semana Econ\u00f3mica y Financiera forma parte de la campa\u00f1a mundial Global Money Week, que se celebra simult\u00e1neamente en m\u00e1s de 80 pa\u00edses. En Rep\u00fablica Dominicana, se llev\u00f3 a cabo en coordinaci\u00f3n con la fundaci\u00f3n \u2018Child &amp; Youth Finance International\u2019 y la participaci\u00f3n de 41 institucionales nacionales, que ofrecieron gratuitamente 91 actividades relacionadas con econom\u00eda y finanzas.<\/p>\n\n\n\n<p>Este evento es una da las iniciativas del BCRD para contribuir con el logro de los Objetivos de Desarrollo Sostenible, a trav\u00e9s de los objetivos No. 4 Educaci\u00f3n de calidad y No. 17 Alianza para lograr los objetivos.<\/p>\n\n\n\n<p><strong>Economistas del Futuro<\/strong><\/p>\n\n\n\n<p>El certamen \u2018Economistas del Futuro\u2019 es una de las apuestas fundamentales del BCRD por incentivar a la investigaci\u00f3n econ\u00f3mica y financiera en la poblaci\u00f3n estudiantil. La actividad est\u00e1 dirigida a estudiantes de \u00faltimo a\u00f1o de secundaria de centros educativos p\u00fablicos y privados, quienes se presentan por grupos realizando una presentaci\u00f3n, que en esta ocasi\u00f3n tuvo por tema \u201cInflaci\u00f3n: origen, tipos, medici\u00f3n, causas, consecuencias, medidas de pol\u00edtica monetaria para combatirla\u201d.<\/p>\n\n\n\n<p>Los premios a los grupos galardonados consisten en: primer lugar, una MacBook Pro de 13 pulgadas para cada alumno y una gratificaci\u00f3n de RD$50,000 para el profesor; segundo lugar, un iPad Pro para cada alumno y una gratificaci\u00f3n de RD$45,000 para el profesor; y tercer lugar, un iPad mini para cada alumno y una gratificaci\u00f3n de RD$40,000 para el profesor.<\/p>\n\n\n\n<p>La relaci\u00f3n de colegios y ganadores en esta novena edici\u00f3n fue: primer lugar, colegio Jaime Molina Mota, representado por los alumnos Emma Ortiz Lalane, Eduardo Matos P\u00e9rez e Isabel Pe\u00f1a Mota, acompa\u00f1ados del profesor H\u00e9ctor Molina; el segundo lugar correspondi\u00f3 al&nbsp; colegio De La Salle (Santiago), compuesto por los estudiantes Miguel Rodr\u00edguez Garc\u00eda, Iv\u00e1n Paiewonsky Cruz y Alan Tejada Ovalle, tutelados por Ana Teresa Castillo; y el tercer lugar fue ganado por el colegio Apec Fernando Arturo de Meri\u00f1o, integrado por los j\u00f3venes Albelis Mateo Tejada, Minerva Polanco S\u00e1nchez y Cristal Rodr\u00edguez Herrera, acompa\u00f1ados del profesor&nbsp; Tomas Heredia.<\/p>\n\n\n\n<p>Durante el acto de premiaci\u00f3n, el gobernador del BCRD, H\u00e9ctor Valdez Albizu, resalt\u00f3 que \u201cel esp\u00edritu y vocaci\u00f3n de la #sefBCRD y del certamen \u2018Economistas del Futuro\u2019 es transmitir conocimientos, crear conciencia, incentivar la investigaci\u00f3n sobre el tema de la inflaci\u00f3n y su importancia para la econom\u00eda y la vida de las personas\u201d.&nbsp;<\/p>\n\n\n\n<p><strong>La conexi\u00f3n entre IA y comunicaci\u00f3n<\/strong><\/p>\n\n\n\n<p>Dentro de las actividades desarrolladas en la #sefBCRD 2023, se ofreci\u00f3 una conferencia sobre \u201cInteligencia artificial: de tendencia a realidad. Su incidencia en la comunicaci\u00f3n\u201d, que fue impartida por la experta internacional Luisa Alli Turrillas, quien en 2019 y 2021&nbsp;fue&nbsp;reconocida como la&nbsp;directora de&nbsp;comunicaci\u00f3n m\u00e1s admirada de Espa\u00f1a, y una de las 100 mujeres m\u00e1s influyentes de su pa\u00eds.<\/p>\n\n\n\n<p>Actualmente, es vicepresidente de la junta directiva de Dircom Espa\u00f1a y forma parte del Consejo Asesor del M\u00e1ster en Reputaci\u00f3n Corporativa de la Universidad de Navarra, donde tambi\u00e9n es profesora invitada, trabajo que adem\u00e1s ejerce en la Universidad Europea&nbsp;y en EAE&nbsp;Business School.<\/p>\n\n\n\n<p>En su disertaci\u00f3n, Alli Turrillas expuso magistralmente la conexi\u00f3n actual de la inteligencia artificial (IA) y el \u00e1mbito de la comunicaci\u00f3n eficiente en el marco de las instituciones p\u00fablicas y privadas, estableciendo un v\u00ednculo que en los tiempos actuales es indisoluble.<\/p>\n\n\n\n<p>Dijo que la Inteligencia Artificial ofrece muchas oportunidades al mundo period\u00edstico y el de la comunicaci\u00f3n, especialmente en lo relativo al procesamiento de lenguaje natural (PLN) que procesa \u00f3rdenes textuales (habladas o escritas) en un leguaje natural para los humanos, tal y como hablar\u00edamos entre nosotros.<\/p>\n\n\n\n<p>\u201cEn todo proceso de transformaci\u00f3n, de incorporar algo nuevo a la vida de una persona, se pasa por una curva de transici\u00f3n y estados de \u00e1nimo distintos, que van desde la frustraci\u00f3n, el miedo hasta la esperanza y la alegr\u00eda del logro. Incorporar una nueva tecnolog\u00eda a nuestro d\u00eda a d\u00eda es un proceso que requiere de mucha comunicaci\u00f3n\u201d, indic\u00f3.<\/p>\n\n\n\n<p>En esta versi\u00f3n de la #sefBCRD participaron, adem\u00e1s del anfitri\u00f3n Banco Central, las asociaciones Bancos M\u00faltiples de la Rep\u00fablica Dominicana (ABA), Cibao de Ahorros y Pr\u00e9stamos, de Instituciones Rurales de Ahorros y Cr\u00e9ditos (AIRAC), Duarte de Ahorros y Pr\u00e9stamos, La Nacional de Ahorro y Pr\u00e9stamos, La Vega Real (ALAVER), Peravia de Ahorros y Pr\u00e9stamos, y Popular de Ahorros y Pr\u00e9stamos.&nbsp;<\/p>\n\n\n\n<p>Tambi\u00e9n, los bancos Ademi, ADOPEM, BDI, BHD, Banesco, Banfondesa, Banreservas, Caribe, de Desarrollo y Exportaciones (BANDEX), L\u00f3pez de Haro, M\u00faltiple Activo&nbsp;Dominicana, Popular, Prom\u00e9rica, Santa Cruz, Uni\u00f3n, QIK Banco Digital Dominicano y Scotiabank.<\/p>\n\n\n\n<p>Asimismo, la Bolsa de Valores de la Rep\u00fablica Dominicana, el Centro de Capacitaci\u00f3n en Pol\u00edtica y Gesti\u00f3n Fiscal&nbsp;(CAPGEFI), las direcciones General de Contabilidad Gubernamental (DIGCOG) y General de Impuestos Internos (DGII), la Liga Dominicana de Asociaciones de Ahorros y Pr\u00e9stamos, los ministerios de Econom\u00eda, Planificaci\u00f3n y Desarrollo, Hacienda, y de Industria, Comercio y Mypimes; la Oficina Nacional de Estadisticas (ONE), Prodominicana, las superintendencias de Bancos, de Pensiones, y la del Mercado de Valores; TRANSUNION y VISA.<\/p>\n\n\n\n<p>Todas las informaciones de esta y otras versiones de la #sefBCRD pueden consultarse en el portal <a href=\"http:\/\/www.bancentral.gov.do\/sefbcrd\">www.bancentral.gov.do\/sefbcrd<\/a> y en las cuentas de redes sociales del BCRD @BancoCentralRD para Instagram, YouTube, Twitter y Facebook.<\/p>\n","protected":false},"excerpt":{"rendered":"<p>\u00c9xito de asistencia con m\u00e1s de 5 mil ni\u00f1os y 41 instituciones, y repercusi\u00f3n de la conferencia \u2018Inteligencia artificial: de tendencia a realidad, su incidencia en la comunicaci\u00f3n\u2019, impartida por la dircom Luisa Alli Turrillas Santo Domingo. Rep\u00fablica Dominicana. &#8211; El Banco Central de la Rep\u00fablica Dominicana (BCRD) finaliz\u00f3 la 9\u00aa Semana Econ\u00f3mica y Financiera [&hellip;]<\/p>\n","protected":false},"author":2,"featured_media":58756,"comment_status":"open","ping_status":"open","sticky":false,"template":"","format":"standard","meta":{"footnotes":""},"categories":[46],"tags":[845,939],"class_list":{"0":"post-58753","1":"post","2":"type-post","3":"status-publish","4":"format-standard","5":"has-post-thumbnail","7":"category-economia","8":"tag-ahora-mas-rd","9":"tag-cada-minuto-una-verdad"},"aioseo_notices":[],"amp_enabled":true,"_links":{"self":[{"href":"https:\/\/ahoramasrd.com.do\/index.php?rest_route=\/wp\/v2\/posts\/58753","targetHints":{"allow":["GET"]}}],"collection":[{"href":"https:\/\/ahoramasrd.com.do\/index.php?rest_route=\/wp\/v2\/posts"}],"about":[{"href":"https:\/\/ahoramasrd.com.do\/index.php?rest_route=\/wp\/v2\/types\/post"}],"author":[{"embeddable":true,"href":"https:\/\/ahoramasrd.com.do\/index.php?rest_route=\/wp\/v2\/users\/2"}],"replies":[{"embeddable":true,"href":"https:\/\/ahoramasrd.com.do\/index.php?rest_route=%2Fwp%2Fv2%2Fcomments&post=58753"}],"version-history":[{"count":0,"href":"https:\/\/ahoramasrd.com.do\/index.php?rest_route=\/wp\/v2\/posts\/58753\/revisions"}],"wp:featuredmedia":[{"embeddable":true,"href":"https:\/\/ahoramasrd.com.do\/index.php?rest_route=\/"}],"wp:attachment":[{"href":"https:\/\/ahoramasrd.com.do\/index.php?rest_route=%2Fwp%2Fv2%2Fmedia&parent=58753"}],"wp:term":[{"taxonomy":"category","embeddable":true,"href":"https:\/\/ahoramasrd.com.do\/index.php?rest_route=%2Fwp%2Fv2%2Fcategories&post=58753"},{"taxonomy":"post_tag","embeddable":true,"href":"https:\/\/ahoramasrd.com.do\/index.php?rest_route=%2Fwp%2Fv2%2Ftags&post=58753"}],"curies":[{"name":"wp","href":"https:\/\/api.w.org\/{rel}","templated":true}]}}