{"id":58917,"date":"2023-04-03T11:36:13","date_gmt":"2023-04-03T15:36:13","guid":{"rendered":"https:\/\/ahoramasrd.com.do\/?p=58917"},"modified":"2023-04-03T11:36:14","modified_gmt":"2023-04-03T15:36:14","slug":"ministro-isa-contreras-destaca-en-japon-el-muy-alto-crecimiento-de-la-economia-dominicana-y-su-diversificacion","status":"publish","type":"post","link":"https:\/\/ahoramasrd.com.do\/?p=58917","title":{"rendered":"Ministro Isa Contreras destaca en Jap\u00f3n el \u201cmuy alto crecimiento\u201d de la econom\u00eda dominicana y su diversificaci\u00f3n"},"content":{"rendered":"\n<p><strong>Jap\u00f3n. &#8211;<\/strong>El ministro de Econom\u00eda, Planificaci\u00f3n y Desarrollo, P\u00e1vel Isa Contreras, destac\u00f3 el muy alto crecimiento de la econom\u00eda dominicana y su diversificaci\u00f3n.&nbsp;<\/p>\n\n\n\n<p>Isa Contreras integra la delegaci\u00f3n que encabeza la vicepresidenta Raquel Pe\u00f1a, en la primera visita oficial del Gobierno que preside Luis Abinader a Jap\u00f3n.<\/p>\n\n\n\n<p>\u201cHa sido una econom\u00eda de muy alto crecimiento. Ha experimentado una expansi\u00f3n muy acelerada de la actividad econ\u00f3mica por m\u00e1s de 50 a\u00f1os\u201d, expres\u00f3 Isa Contreras, en un di\u00e1logo con autoridades acad\u00e9micas y de cooperaci\u00f3n del pa\u00eds asi\u00e1tico, en el que &nbsp;intervinieron la vicepresidenta dominicana y el director para Centroam\u00e9rica y el Caribe de la Agencia de Cooperaci\u00f3n Internacional del Jap\u00f3n&nbsp;&nbsp;(JICA), Shintaro Akiyama.&nbsp;<\/p>\n\n\n\n<p>El economista e investigador precis\u00f3 que junto a Panam\u00e1, la econom\u00eda dominicana es la de mayor crecimiento de Am\u00e9rica Latina y es de los pocos pa\u00edses de esa regi\u00f3n que ha logrado reducir la distancia econ\u00f3mica con respecto a los pa\u00edses m\u00e1s ricos del mundo, como Jap\u00f3n.&nbsp;&nbsp;<\/p>\n\n\n\n<figure class=\"wp-block-image\"><img decoding=\"async\" src=\"https:\/\/proceso.com.do\/wp-content\/uploads\/2023\/04\/Japon-1-650x400.jpg\" alt=\"\" class=\"wp-image-288086\" \/><\/figure>\n\n\n\n<p>El catedr\u00e1tico universitario afirm\u00f3 que entre 1960 hasta 2022, la tasa de crecimiento promedio anual del PIB fue de m\u00e1s de 5%.&nbsp;&nbsp;<\/p>\n\n\n\n<p>Al mismo tiempo, puntualiz\u00f3 que la econom\u00eda de Rep\u00fablica Dominicana se ha diversificado.&nbsp;&nbsp;<\/p>\n","protected":false},"excerpt":{"rendered":"<p>Jap\u00f3n. &#8211;El ministro de Econom\u00eda, Planificaci\u00f3n y Desarrollo, P\u00e1vel Isa Contreras, destac\u00f3 el muy alto crecimiento de la econom\u00eda dominicana y su diversificaci\u00f3n.&nbsp; Isa Contreras integra la delegaci\u00f3n que encabeza la vicepresidenta Raquel Pe\u00f1a, en la primera visita oficial del Gobierno que preside Luis Abinader a Jap\u00f3n. \u201cHa sido una econom\u00eda de muy alto crecimiento. [&hellip;]<\/p>\n","protected":false},"author":2,"featured_media":58918,"comment_status":"open","ping_status":"open","sticky":false,"template":"","format":"standard","meta":{"footnotes":""},"categories":[46],"tags":[845,939,91],"class_list":{"0":"post-58917","1":"post","2":"type-post","3":"status-publish","4":"format-standard","5":"has-post-thumbnail","7":"category-economia","8":"tag-ahora-mas-rd","9":"tag-cada-minuto-una-verdad","10":"tag-gobierno-rd"},"aioseo_notices":[],"amp_enabled":true,"_links":{"self":[{"href":"https:\/\/ahoramasrd.com.do\/index.php?rest_route=\/wp\/v2\/posts\/58917","targetHints":{"allow":["GET"]}}],"collection":[{"href":"https:\/\/ahoramasrd.com.do\/index.php?rest_route=\/wp\/v2\/posts"}],"about":[{"href":"https:\/\/ahoramasrd.com.do\/index.php?rest_route=\/wp\/v2\/types\/post"}],"author":[{"embeddable":true,"href":"https:\/\/ahoramasrd.com.do\/index.php?rest_route=\/wp\/v2\/users\/2"}],"replies":[{"embeddable":true,"href":"https:\/\/ahoramasrd.com.do\/index.php?rest_route=%2Fwp%2Fv2%2Fcomments&post=58917"}],"version-history":[{"count":0,"href":"https:\/\/ahoramasrd.com.do\/index.php?rest_route=\/wp\/v2\/posts\/58917\/revisions"}],"wp:featuredmedia":[{"embeddable":true,"href":"https:\/\/ahoramasrd.com.do\/index.php?rest_route=\/"}],"wp:attachment":[{"href":"https:\/\/ahoramasrd.com.do\/index.php?rest_route=%2Fwp%2Fv2%2Fmedia&parent=58917"}],"wp:term":[{"taxonomy":"category","embeddable":true,"href":"https:\/\/ahoramasrd.com.do\/index.php?rest_route=%2Fwp%2Fv2%2Fcategories&post=58917"},{"taxonomy":"post_tag","embeddable":true,"href":"https:\/\/ahoramasrd.com.do\/index.php?rest_route=%2Fwp%2Fv2%2Ftags&post=58917"}],"curies":[{"name":"wp","href":"https:\/\/api.w.org\/{rel}","templated":true}]}}