{"id":59037,"date":"2023-04-11T20:34:24","date_gmt":"2023-04-12T00:34:24","guid":{"rendered":"https:\/\/ahoramasrd.com.do\/?p=59037"},"modified":"2023-04-11T20:34:25","modified_gmt":"2023-04-12T00:34:25","slug":"aumentan-un-20-al-salario-minimo-a-trabajadores-de-las-zonas-francas","status":"publish","type":"post","link":"https:\/\/ahoramasrd.com.do\/?p=59037","title":{"rendered":"Aumentan un 20 % al salario m\u00ednimo a trabajadores de las zonas francas"},"content":{"rendered":"\n<p>El Comit\u00e9 Nacional de Salarios (CNS) aprob\u00f3 este martes un aumento de 20 % al salario m\u00ednimo de los trabajadores de las zonas francas, quienes recibir\u00e1n un 15 % del incremento a partir del 1 de mayo venidero y el 5 % que resta en abril del a\u00f1o pr\u00f3ximo.<\/p>\n\n\n\n<p>Los trabajadores que devengan el sueldo m\u00ednimo en las zonas francas recibir\u00e1n un aumento de 2,087 pesos desde 1 de mayo, mientras que a partir de abril de 2024 se les sumar\u00e1n 695 pesos, con lo cual para esa fecha su salario ser\u00e1 de 16,698 pesos mensuales.<\/p>\n\n\n\n<p>En la actualidad el salario m\u00ednimo de ese sector es de 13,915 pesos al mes.<\/p>\n\n\n\n<p>El Ministerio de Trabajo dio a conocer en su cuenta de Twitter que del encuentro participaron los sectores gubernamental, patronal y gremial.<\/p>\n\n\n\n<p>En las zonas francas trabajan m\u00e1s de 192,000 personas, seg\u00fan datos de la asociaci\u00f3n que agrupa ese sector.<\/p>\n\n\n\n<p>En marzo pasado, el presidente Luis Abinader encabez\u00f3 una reuni\u00f3n del Comit\u00e9 Nacional de Salarios (CNS), en la que se anunci\u00f3 un aumento de un 19 % al salario m\u00ednimo del sector privado no sectorizado.<\/p>\n\n\n\n<p>La medida entr\u00f3 en vigor el 1 de abril pasado con un primer incremento del 15 %, mientras que el restante 4 % se a\u00f1adir\u00e1 en febrero del a\u00f1o venidero.<\/p>\n\n\n\n<p>Se espera que el CNS vuelva a reunirse en las pr\u00f3ximas semanas para decidir sobre un incremento al salario m\u00ednimo en el sector turismo, que junto a las zonas francas y las remesas conforman el grueso de la producci\u00f3n de divisas del pa\u00eds.<\/p>\n","protected":false},"excerpt":{"rendered":"<p>El Comit\u00e9 Nacional de Salarios (CNS) aprob\u00f3 este martes un aumento de 20 % al salario m\u00ednimo de los trabajadores de las zonas francas, quienes recibir\u00e1n un 15 % del incremento a partir del 1 de mayo venidero y el 5 % que resta en abril del a\u00f1o pr\u00f3ximo. Los trabajadores que devengan el sueldo [&hellip;]<\/p>\n","protected":false},"author":2,"featured_media":59038,"comment_status":"open","ping_status":"open","sticky":false,"template":"","format":"standard","meta":{"footnotes":""},"categories":[46],"tags":[845,939,58],"class_list":{"0":"post-59037","1":"post","2":"type-post","3":"status-publish","4":"format-standard","5":"has-post-thumbnail","7":"category-economia","8":"tag-ahora-mas-rd","9":"tag-cada-minuto-una-verdad","10":"tag-republica-dominicana"},"aioseo_notices":[],"amp_enabled":true,"_links":{"self":[{"href":"https:\/\/ahoramasrd.com.do\/index.php?rest_route=\/wp\/v2\/posts\/59037","targetHints":{"allow":["GET"]}}],"collection":[{"href":"https:\/\/ahoramasrd.com.do\/index.php?rest_route=\/wp\/v2\/posts"}],"about":[{"href":"https:\/\/ahoramasrd.com.do\/index.php?rest_route=\/wp\/v2\/types\/post"}],"author":[{"embeddable":true,"href":"https:\/\/ahoramasrd.com.do\/index.php?rest_route=\/wp\/v2\/users\/2"}],"replies":[{"embeddable":true,"href":"https:\/\/ahoramasrd.com.do\/index.php?rest_route=%2Fwp%2Fv2%2Fcomments&post=59037"}],"version-history":[{"count":0,"href":"https:\/\/ahoramasrd.com.do\/index.php?rest_route=\/wp\/v2\/posts\/59037\/revisions"}],"wp:featuredmedia":[{"embeddable":true,"href":"https:\/\/ahoramasrd.com.do\/index.php?rest_route=\/"}],"wp:attachment":[{"href":"https:\/\/ahoramasrd.com.do\/index.php?rest_route=%2Fwp%2Fv2%2Fmedia&parent=59037"}],"wp:term":[{"taxonomy":"category","embeddable":true,"href":"https:\/\/ahoramasrd.com.do\/index.php?rest_route=%2Fwp%2Fv2%2Fcategories&post=59037"},{"taxonomy":"post_tag","embeddable":true,"href":"https:\/\/ahoramasrd.com.do\/index.php?rest_route=%2Fwp%2Fv2%2Ftags&post=59037"}],"curies":[{"name":"wp","href":"https:\/\/api.w.org\/{rel}","templated":true}]}}