{"id":59040,"date":"2023-04-11T22:28:42","date_gmt":"2023-04-12T02:28:42","guid":{"rendered":"https:\/\/ahoramasrd.com.do\/?p=59040"},"modified":"2023-04-11T22:28:43","modified_gmt":"2023-04-12T02:28:43","slug":"asociacion-de-caficultores-piden-ayuda-al-gobierno-para-que-no-desaparezca-produccion%ef%bf%bc","status":"publish","type":"post","link":"https:\/\/ahoramasrd.com.do\/?p=59040","title":{"rendered":"Asociaci\u00f3n de Caficultores piden ayuda al Gobierno para que no desaparezca producci\u00f3n\ufffc"},"content":{"rendered":"\n<p>A prop\u00f3sito de celebrarse de este En la celebraci\u00f3n del D\u00eda Nacional del Caf\u00e9, la Asociaci\u00f3n de Caficultores Unidos para el Progreso (Asocaupro) junto a los productores e instituciones ligadas al sector, solicitaron el apoyo del Gobierno para que se incluya un programa de renovaci\u00f3n, mantenimiento de cafetales y un cr\u00e9dito para los productores en las cuencas y subcuencas de los principales r\u00edos y arroyos del pa\u00eds.<\/p>\n\n\n\n<p>Los cafetaleros hicieron un llamado al presidente Luis Abinader a fin de que juntos pongan en marcha un programa de renovaci\u00f3n, capacitaci\u00f3n y mantenimiento en todas las zonas \u00f3ptimas para el cultivo, como se desarrolla en otras regiones.<\/p>\n\n\n\n<p>\u201cNo queremos que nos regalen nada, pero que nos den las facilidades para producir y pagar\u201d, enfatiz\u00f3 Osmar Garc\u00eda, representante de Asocaupro, al tiempo que indic\u00f3 que la organizaci\u00f3n trabaja para mejorar la calidad de vida de los asociados y comunitarios.<\/p>\n\n\n\n<p>Garc\u00eda explic\u00f3 que sembrando caf\u00e9 se salva el agua, al restablecer el bosque cafetalero que se ha disminuido por el impacto de la Roya del caf\u00e9 que ha afectado las plantaciones de manera agresiva en los \u00faltimos a\u00f1os, por ser plantas viejas y sin cuidado, por lo que, trae como consecuencia un producto de menor calidad cuando se busca llevar a mercados internacionales el caf\u00e9 dominicano.<\/p>\n\n\n\n<p>Para los productores la mayor preocupaci\u00f3n y la m\u00e1s peligrosa es cambiar el cultivo de caf\u00e9 de suelo de monta\u00f1a a la ganader\u00eda poniendo en riesgo el suelo por la escorrent\u00eda del agua de lluvia y los incendios forestales como hemos visto en el pasado mes e inicio de este.<\/p>\n","protected":false},"excerpt":{"rendered":"<p>A prop\u00f3sito de celebrarse de este En la celebraci\u00f3n del D\u00eda Nacional del Caf\u00e9, la Asociaci\u00f3n de Caficultores Unidos para el Progreso (Asocaupro) junto a los productores e instituciones ligadas al sector, solicitaron el apoyo del Gobierno para que se incluya un programa de renovaci\u00f3n, mantenimiento de cafetales y un cr\u00e9dito para los productores en [&hellip;]<\/p>\n","protected":false},"author":2,"featured_media":59041,"comment_status":"open","ping_status":"open","sticky":false,"template":"","format":"standard","meta":{"footnotes":""},"categories":[46],"tags":[845,939],"class_list":{"0":"post-59040","1":"post","2":"type-post","3":"status-publish","4":"format-standard","5":"has-post-thumbnail","7":"category-economia","8":"tag-ahora-mas-rd","9":"tag-cada-minuto-una-verdad"},"aioseo_notices":[],"amp_enabled":true,"_links":{"self":[{"href":"https:\/\/ahoramasrd.com.do\/index.php?rest_route=\/wp\/v2\/posts\/59040","targetHints":{"allow":["GET"]}}],"collection":[{"href":"https:\/\/ahoramasrd.com.do\/index.php?rest_route=\/wp\/v2\/posts"}],"about":[{"href":"https:\/\/ahoramasrd.com.do\/index.php?rest_route=\/wp\/v2\/types\/post"}],"author":[{"embeddable":true,"href":"https:\/\/ahoramasrd.com.do\/index.php?rest_route=\/wp\/v2\/users\/2"}],"replies":[{"embeddable":true,"href":"https:\/\/ahoramasrd.com.do\/index.php?rest_route=%2Fwp%2Fv2%2Fcomments&post=59040"}],"version-history":[{"count":0,"href":"https:\/\/ahoramasrd.com.do\/index.php?rest_route=\/wp\/v2\/posts\/59040\/revisions"}],"wp:featuredmedia":[{"embeddable":true,"href":"https:\/\/ahoramasrd.com.do\/index.php?rest_route=\/"}],"wp:attachment":[{"href":"https:\/\/ahoramasrd.com.do\/index.php?rest_route=%2Fwp%2Fv2%2Fmedia&parent=59040"}],"wp:term":[{"taxonomy":"category","embeddable":true,"href":"https:\/\/ahoramasrd.com.do\/index.php?rest_route=%2Fwp%2Fv2%2Fcategories&post=59040"},{"taxonomy":"post_tag","embeddable":true,"href":"https:\/\/ahoramasrd.com.do\/index.php?rest_route=%2Fwp%2Fv2%2Ftags&post=59040"}],"curies":[{"name":"wp","href":"https:\/\/api.w.org\/{rel}","templated":true}]}}