{"id":60271,"date":"2023-06-16T19:10:20","date_gmt":"2023-06-16T23:10:20","guid":{"rendered":"https:\/\/ahoramasrd.com.do\/?p=60271"},"modified":"2023-06-16T19:10:21","modified_gmt":"2023-06-16T23:10:21","slug":"llega-por-primera-vez-a-la-republica-dominicana-el-foro-internacional-de-educacion-financiera-de-calidad-en-su-octava-edicion","status":"publish","type":"post","link":"https:\/\/ahoramasrd.com.do\/?p=60271","title":{"rendered":"Llega por primera vez a la Rep\u00fablica Dominicana el Foro Internacional de Educaci\u00f3n Financiera de Calidad en su octava edici\u00f3n"},"content":{"rendered":"\n<p>Santo Domingo.- El Foro Internacional de Educaci\u00f3n Financiera de Calidad llegar\u00e1 por primera vez a la Rep\u00fablica Dominicana en su octava edici\u00f3n, donde una serie de expertos en el \u00e1rea se reunir\u00e1n a compartir herramientas, modelos y novedades del mundo de las finanzas y su educaci\u00f3n, con la finalidad de promover y fomentar el bienestar financiero en la poblaci\u00f3n y a la vez aportar al crecimiento de la econom\u00eda mundial.<\/p>\n\n\n\n<p>Est\u00e1 dirigido a ciudadanos, con inter\u00e9s en organizar sus finanzas personales con herramientas y acompa\u00f1amiento objetivo certificado; a gerentes de empresas, interesados en brindar programas de bienestar financiero a sus colaboradores, que est\u00e9n en dise\u00f1o, desarrollo o implementaci\u00f3n de programas de educaci\u00f3n financiera; as\u00ed como tambi\u00e9n a empresas, que quieran conocer herramientas, modelos y normas internacionales en la materia.<\/p>\n\n\n\n<p>Adem\u00e1s de educadores y profesionales dedicados a la educaci\u00f3n financiera, que buscan actualizarse o ser habilitados como educadores financieros de calidad bajo normas internacionales. Se llevar\u00e1 a cabo el s\u00e1bado 17 de junio del presente a\u00f1o, en la Sede del Centro de Estudios Financieros CEF Santo Domingo, en Novo Centro Plaza.<\/p>\n\n\n\n<p>Expertos en finanzas provenientes de Italia, Espa\u00f1a, Guatemala, Puerto Rico y Rep\u00fablica Dominicana, estar\u00e1n impartiendo los siguientes m\u00f3dulos en la materia: Objetivos vitales, planeaci\u00f3n del presupuesto, optimizaci\u00f3n del ahorro, protecci\u00f3n de seguros, jubilaci\u00f3n &#8211; retiro e inversi\u00f3n.<\/p>\n\n\n\n<p>Dentro de las conferencias que se desarrollar\u00e1n est\u00e1n: Implementaci\u00f3n de programas de educaci\u00f3n financiera de calidad para el bienestar en las ciudades y en las empresas por Dositeo Amoedo, presidente de la Asociaci\u00f3n de Educadores y Planificadores Financieros (AEPFi); Herramientas inclusi\u00f3n y educaci\u00f3n financiera para mujeres por Caterina Ruzza, presidenta del Comit\u00e9 Financiero de la (AEPFi); Foro impacto vs alcance: la contribuci\u00f3n de las redes de educadores financieros de calidad a los programas y pol\u00edticas p\u00fablicas por Dayana Aceituno, delegada de la (AEPFi) en Guatemala; Importancia de la educaci\u00f3n financiera para la optimizaci\u00f3n de las empresas por Digna Paulino, delegada de la (AEPFi) en Rep\u00fablica Dominicana; Retos y oportunidades de la educaci\u00f3n financiera en las mujeres empresarias por Wanda Torres, empresaria, especialista en Seguros, CCFP; Educaci\u00f3n financiera de calidad: experiencias y contribuci\u00f3n al debate sobre tendencias por Sergio Sorgi, fundador de Prog\u00e9tica y presidente de eQwa.<\/p>\n\n\n\n<p>Invitan: la Asociaci\u00f3n de Educadores y Planificadores Financieros (AEPFi), la Escuela de Liderazgo, Finanzas y Emprendimiento Equipa, el Centro de Estudios Financieros (CEF Santo Domingo), la Federaci\u00f3n de Mujeres Empresarias (FEM), el peri\u00f3dico el Dinero y el Dinero Mujer, Brea Paulino Consultor\u00eda y Asesor\u00eda, PIAR Media &amp; Events, D2P &amp; Company, y bajo la producci\u00f3n de Jenn Arias.<\/p>\n\n\n\n<p>Los que participen de este VIII Foro Internacional de Educaci\u00f3n Financiera de Calidad recibir\u00e1n certificado de participaci\u00f3n y podr\u00e1n participar del mismo en modalidad presencial o virtual desde cualquier parte del mundo.<\/p>\n\n\n\n<p>Para m\u00e1s informaci\u00f3n pueden acceder a www.aepfinancieros.org. Adem\u00e1s de los contactos 829-261-9831 y 809-501-0040.<\/p>\n","protected":false},"excerpt":{"rendered":"<p>Santo Domingo.- El Foro Internacional de Educaci\u00f3n Financiera de Calidad llegar\u00e1 por primera vez a la Rep\u00fablica Dominicana en su octava edici\u00f3n, donde una serie de expertos en el \u00e1rea se reunir\u00e1n a compartir herramientas, modelos y novedades del mundo de las finanzas y su educaci\u00f3n, con la finalidad de promover y fomentar el bienestar [&hellip;]<\/p>\n","protected":false},"author":2,"featured_media":60272,"comment_status":"open","ping_status":"open","sticky":false,"template":"","format":"standard","meta":{"footnotes":""},"categories":[46],"tags":[845,939],"class_list":{"0":"post-60271","1":"post","2":"type-post","3":"status-publish","4":"format-standard","5":"has-post-thumbnail","7":"category-economia","8":"tag-ahora-mas-rd","9":"tag-cada-minuto-una-verdad"},"aioseo_notices":[],"amp_enabled":true,"_links":{"self":[{"href":"https:\/\/ahoramasrd.com.do\/index.php?rest_route=\/wp\/v2\/posts\/60271","targetHints":{"allow":["GET"]}}],"collection":[{"href":"https:\/\/ahoramasrd.com.do\/index.php?rest_route=\/wp\/v2\/posts"}],"about":[{"href":"https:\/\/ahoramasrd.com.do\/index.php?rest_route=\/wp\/v2\/types\/post"}],"author":[{"embeddable":true,"href":"https:\/\/ahoramasrd.com.do\/index.php?rest_route=\/wp\/v2\/users\/2"}],"replies":[{"embeddable":true,"href":"https:\/\/ahoramasrd.com.do\/index.php?rest_route=%2Fwp%2Fv2%2Fcomments&post=60271"}],"version-history":[{"count":0,"href":"https:\/\/ahoramasrd.com.do\/index.php?rest_route=\/wp\/v2\/posts\/60271\/revisions"}],"wp:featuredmedia":[{"embeddable":true,"href":"https:\/\/ahoramasrd.com.do\/index.php?rest_route=\/"}],"wp:attachment":[{"href":"https:\/\/ahoramasrd.com.do\/index.php?rest_route=%2Fwp%2Fv2%2Fmedia&parent=60271"}],"wp:term":[{"taxonomy":"category","embeddable":true,"href":"https:\/\/ahoramasrd.com.do\/index.php?rest_route=%2Fwp%2Fv2%2Fcategories&post=60271"},{"taxonomy":"post_tag","embeddable":true,"href":"https:\/\/ahoramasrd.com.do\/index.php?rest_route=%2Fwp%2Fv2%2Ftags&post=60271"}],"curies":[{"name":"wp","href":"https:\/\/api.w.org\/{rel}","templated":true}]}}