{"id":60319,"date":"2023-06-18T16:42:55","date_gmt":"2023-06-18T20:42:55","guid":{"rendered":"https:\/\/ahoramasrd.com.do\/?p=60319"},"modified":"2023-06-18T16:42:57","modified_gmt":"2023-06-18T20:42:57","slug":"verstappen-refuerza-el-liderato-al-ganar-en-montreal-alonso-acabo-segundo","status":"publish","type":"post","link":"https:\/\/ahoramasrd.com.do\/?p=60319","title":{"rendered":"Verstappen, refuerza el liderato al ganar en Montreal; Alonso acab\u00f3 segundo"},"content":{"rendered":"\n<p>Redacci\u00f3n deportes (EFE).- El neerland\u00e9s Max Verstappen (Red Bull) reforz\u00f3 su ventaja al frente del Mundial de F\u00f3rmula Uno al ganar el Gran Premio de Canad\u00e1, el octavo del campeonato, en el que el espa\u00f1ol Fernando Alonso (Aston Martin) acab\u00f3 segundo y firm\u00f3 su sexto podio del a\u00f1o, el n\u00famero 104 desde que compite en la categor\u00eda reina.<\/p>\n\n\n\n<p>Verstappen, de 25 a\u00f1os, logr\u00f3 su sexta victoria en lo que va de curso -igualando los 41 triunfos del legendario Ayrton Senna, que gan\u00f3 tres Mundiales para Brasil- al imponerse en el circuito Gilles Villeneuve por delante del doble campe\u00f3n mundial asturiano y del ingl\u00e9s Lewis Hamilton (Mercedes), que acab\u00f3 tercero.<\/p>\n\n\n\n<figure class=\"wp-block-image\"><img decoding=\"async\" src=\"https:\/\/efe.com\/wp-content\/uploads\/2023\/06\/EA7160-CANADA-FORMULA-ONE-carlos-S.jpg\" alt=\"\" class=\"wp-image-507169\" \/><figcaption class=\"wp-element-caption\">El piloto espa\u00f1ol de F\u00f3rmula Uno, Carlos Sainz Jr de la Scuderia Ferrari. EFE\/EPA\/ANDRE PICHETTE<\/figcaption><\/figure>\n\n\n\n<p>El otro espa\u00f1ol, Carlos Sainz (Ferrari) acab\u00f3 quinto, justo detr\u00e1s de su compa\u00f1ero, el monegasco Charles Leclerc; mientras que el mexicano Sergio P\u00e9rez (Red Bull) -que al igual que los anteriores mejor\u00f3 seis puestos desde el arranque de la prueba- concluy\u00f3 en la sexta posici\u00f3n de una prueba en la que marc\u00f3 la vuelta r\u00e1pida.<\/p>\n\n\n\n<p>Verstappen lidera ahora con 195 puntos, 69 m\u00e1s que \u2018Checo\u2019 y con 78 sobre el de nuevo magistral Alonso, en una segunda juventud a un mes de cumplir 42 a\u00f1os y que es tercero en un campeonato que gan\u00f3 en 2005 y en 2006.<\/p>\n\n\n\n<h2 class=\"wp-block-heading\" id=\"h-alonso-logra-su-podio-104\">Alonso logra su podio 104<\/h2>\n\n\n\n<figure class=\"wp-block-image\"><img decoding=\"async\" src=\"https:\/\/efe.com\/wp-content\/uploads\/2023\/06\/CANADA-FORMULA-ONEAlosno-1.jpg\" alt=\"\" class=\"wp-image-507172\" \/><figcaption class=\"wp-element-caption\">El piloto espa\u00f1ol de F\u00f3rmula 1 Fernando Alonso de Aston Martin. EFE\/EPA\/ANDRE PICHETTE<\/figcaption><\/figure>\n\n\n\n<p>El espa\u00f1ol Fernando Alonso (Aston Martin), volvi\u00f3 a causar la gran sensaci\u00f3n al acabar segundo el Gran Premio de Canad\u00e1, el octavo del Mundial de F\u00f3rmula Uno, festej\u00f3 en el circuito Gilles Villeneuve de Montreal su podio n\u00famero 104 en la categor\u00eda reina, el sexto en las primeras ocho carreras del a\u00f1o.<\/p>\n\n\n\n<p>El doble campe\u00f3n mundial asturiano -que a los 41 a\u00f1os afronta su vig\u00e9sima temporada en la F1- fue tercero en el estreno de Bar\u00e9in, repiti\u00f3 ese puesto en Yeda (Arabia Saud\u00ed), en Melbourne (Australia) y Miami (EEUU).<\/p>\n\n\n\n<p>Su peor resultado, en un espectacular arranque de curso fue, tras el cuarto en Azerbaiy\u00e1n, el s\u00e9ptimo de hace dos semanas, en Barcelona: despu\u00e9s de haber elevado la apuesta con un segundo en M\u00f3naco.<\/p>\n\n\n\n<p>\u201cEsper\u00e1bamos poder plantarle m\u00e1s cara a Max (Verstappen, de Red Bull, m\u00e1s l\u00edder tras ganar este domingo) hoy, pero perd\u00ed una posici\u00f3n en la salida con (el s\u00e9ptuple campe\u00f3n mundial ingl\u00e9s) Lewis (Hamilton, de Mercedes) y luego tuve que apretar; no me pude relajar ni una sola vuelta\u201d, coment\u00f3<\/p>\n\n\n\n<p>Nada m\u00e1s bajarse del coche en Montreal, el doble campe\u00f3n mundial asturiano; que festej\u00f3 su podio n\u00famero 104 en la categor\u00eda reina, el sexto en las primeras ocho carreras del a\u00f1o: sus ocho primeras con Aston Martin.<\/p>\n\n\n\n<p>\u201cAl principio ten\u00eda buen ritmo, pero Lewis (Hamilton) tambi\u00e9n. Fue una carrera muy dura y exigente; fueron setenta vueltas de calificaci\u00f3n\u201d, apunt\u00f3, a pie de pista, en la entrevista que condujo su ex compa\u00f1ero ingl\u00e9s Jenson Button, el nuevo e indiscutible capit\u00e1n de Aston Martin.<\/p>\n\n\n\n<p>\u201cNo s\u00e9 si ten\u00edamos problemas con los frenos o con el combustible, al final\u201d, contest\u00f3, al ser cuestionado por Button y sin querer dar pistas, Fernando, en una segunda juventud a los 41 a\u00f1os y que afronta su vig\u00e9sima temporada en la F1.<\/p>\n","protected":false},"excerpt":{"rendered":"<p>Redacci\u00f3n deportes (EFE).- El neerland\u00e9s Max Verstappen (Red Bull) reforz\u00f3 su ventaja al frente del Mundial de F\u00f3rmula Uno al ganar el Gran Premio de Canad\u00e1, el octavo del campeonato, en el que el espa\u00f1ol Fernando Alonso (Aston Martin) acab\u00f3 segundo y firm\u00f3 su sexto podio del a\u00f1o, el n\u00famero 104 desde que compite en [&hellip;]<\/p>\n","protected":false},"author":2,"featured_media":60320,"comment_status":"open","ping_status":"open","sticky":false,"template":"","format":"standard","meta":{"footnotes":""},"categories":[49],"tags":[845,939],"class_list":{"0":"post-60319","1":"post","2":"type-post","3":"status-publish","4":"format-standard","5":"has-post-thumbnail","7":"category-deportes","8":"tag-ahora-mas-rd","9":"tag-cada-minuto-una-verdad"},"aioseo_notices":[],"amp_enabled":true,"_links":{"self":[{"href":"https:\/\/ahoramasrd.com.do\/index.php?rest_route=\/wp\/v2\/posts\/60319","targetHints":{"allow":["GET"]}}],"collection":[{"href":"https:\/\/ahoramasrd.com.do\/index.php?rest_route=\/wp\/v2\/posts"}],"about":[{"href":"https:\/\/ahoramasrd.com.do\/index.php?rest_route=\/wp\/v2\/types\/post"}],"author":[{"embeddable":true,"href":"https:\/\/ahoramasrd.com.do\/index.php?rest_route=\/wp\/v2\/users\/2"}],"replies":[{"embeddable":true,"href":"https:\/\/ahoramasrd.com.do\/index.php?rest_route=%2Fwp%2Fv2%2Fcomments&post=60319"}],"version-history":[{"count":0,"href":"https:\/\/ahoramasrd.com.do\/index.php?rest_route=\/wp\/v2\/posts\/60319\/revisions"}],"wp:featuredmedia":[{"embeddable":true,"href":"https:\/\/ahoramasrd.com.do\/index.php?rest_route=\/"}],"wp:attachment":[{"href":"https:\/\/ahoramasrd.com.do\/index.php?rest_route=%2Fwp%2Fv2%2Fmedia&parent=60319"}],"wp:term":[{"taxonomy":"category","embeddable":true,"href":"https:\/\/ahoramasrd.com.do\/index.php?rest_route=%2Fwp%2Fv2%2Fcategories&post=60319"},{"taxonomy":"post_tag","embeddable":true,"href":"https:\/\/ahoramasrd.com.do\/index.php?rest_route=%2Fwp%2Fv2%2Ftags&post=60319"}],"curies":[{"name":"wp","href":"https:\/\/api.w.org\/{rel}","templated":true}]}}