{"id":61145,"date":"2023-07-19T15:38:08","date_gmt":"2023-07-19T19:38:08","guid":{"rendered":"https:\/\/ahoramasrd.com.do\/?p=61145"},"modified":"2023-07-19T15:38:09","modified_gmt":"2023-07-19T19:38:09","slug":"economista-miguel-collado-aclara-precios-no-estan-bajando-sino-el-ritmo-de-crecimiento-de-la-inflacion","status":"publish","type":"post","link":"https:\/\/ahoramasrd.com.do\/?p=61145","title":{"rendered":"Economista Miguel Collado aclara precios no est\u00e1n bajando, sino el ritmo de crecimiento de la inflaci\u00f3n"},"content":{"rendered":"\n<p>Santo Domingo \u2013 El economista Miguel Collado Di Franco afirm\u00f3 que contrario a lo que pueden pensar muchas personas, \u201cla inflaci\u00f3n no est\u00e1 bajando\u201d, sino que lo que ha bajado es su ritmo de crecimiento.<\/p>\n\n\n\n<p>\u201cEl peso est\u00e1 perdiendo su valor adquisitivo y as\u00ed las personas est\u00e1n perdiendo su capacidad de compra cuando se incrementan en promedio los precios a tal nivel, las autoridades dicen si de acuerdo a las \u00faltimas mediciones que tienen, que lleg\u00f3 a la parte media de ese rango del 4%, un n\u00famero arbitrario porque puede ser menor\u201d, se\u00f1al\u00f3 el experto en Finanzas.<\/p>\n\n\n\n<p>Entrevistado en el programa \u201cPropuesta de la noche\u201d, por RNN Canal 27, Collado Di Franco explic\u00f3 que en Estados Unidos la meta que se espera es un 2%, \u201cen el pa\u00eds se ha elegido un 4%, se est\u00e1 desacelerando el ritmo de crecimiento de los precios y eso es beneficioso para las personas\u201d.<\/p>\n\n\n\n<p>Aclar\u00f3 que \u201chay que tomar en cuenta que se est\u00e1 incrementando el precio y hay que observar qu\u00e9 tan r\u00e1pido puede seguir bajando si el tipo de cambio, el peso se deval\u00faa que se ha tenido apreciaci\u00f3n al inicio de este a\u00f1o y otro factor es que se est\u00e1 incrementando el precio del barril de petr\u00f3leo. Si los precios de la energ\u00eda incrementan, afectar\u00eda la desaceleraci\u00f3n, pero en la tasa de crecimiento de los precios\u201d, apunt\u00f3.<\/p>\n\n\n\n<p>Reformas estructurales<\/p>\n\n\n\n<p>Al abordar el tema de las diferentes reformas pendientes, el ejecutivo del Centro Regional de Estudios Econ\u00f3micos Sostenibles (CREES) afirm\u00f3 que el tema fiscal es muy importante y se divide en dos partes; el que relaciona con el gasto en la ejecuci\u00f3n del Presupuesto y el endeudamiento y la otra parte con los ingresos.<\/p>\n\n\n\n<p>\u201cEl sistema tributario en cualquier pa\u00eds es clave, es determinante en el ambiente que favorece la inversi\u00f3n y en Rep\u00fablica Dominicana como en otros pa\u00edses, pero en una econom\u00eda que deber\u00eda ser m\u00e1s competitiva, se ha tenido la mentalidad estrictamente fiscalista y se olvida de los efectos negativos que se ven en los est\u00edmulos a la informalidad que est\u00e1 muy alta en Rep\u00fablica Dominicana, a la evasi\u00f3n y a la elusi\u00f3n fiscal\u201d, manifest\u00f3 Collado Di Franco.<\/p>\n\n\n\n<p>El economista agreg\u00f3 que la Rep\u00fablica Dominicana tiene un mercado peque\u00f1o y con esto una econom\u00eda peque\u00f1a, por lo que \u201chay que expandirse hacia afuera y para lograrlo hay que ser competitivo, ser productivos y hay diferentes elementos de esto y el m\u00e1s importante es la parte institucional para atraer inversi\u00f3n extranjera estable\u201d.<\/p>\n\n\n\n<p>Consider\u00f3 que se debe tratar de atraer a empresas grandes que decidan hacer unas inversiones de capital importante para producir bienes de valor agregado importantes porque \u201cmientras tenga ese valor ser\u00e1 mejor para los trabajadores que podr\u00e1n ganar m\u00e1s en la medida en que puedan aportar m\u00e1s a la producci\u00f3n\u201d.<\/p>\n\n\n\n<p>Indic\u00f3 que \u201cse necesita un ambiente que permita que esas inversiones, sea del capital local pero tambi\u00e9n capital for\u00e1neo, entonces hay que expandirse hacia afuera\u201d.<\/p>\n\n\n\n<p>Sobre la recuperaci\u00f3n econ\u00f3mica, Collado Di Franco dijo que en sentido general habido recuperaci\u00f3n, el turismo ha sido importante para la misma.<\/p>\n\n\n\n<p>No obstante, se\u00f1al\u00f3 que por el mercado laboral se debe analizar bien cu\u00e1nto de ese empleo creado ha sido p\u00fablico ya que es muy importante el componente p\u00fablico y el empleo que se ha creado privado, la mayor parte ha sido informal.<\/p>\n\n\n\n<p>\u201cEn el mercado laboral la recuperaci\u00f3n es muy pobre. Se ha desperdiciado una oportunidad para hacer algunas reformas en estos a\u00f1os ya que se ten\u00eda una buena pol\u00edtica de vacunaci\u00f3n y se estaban realizando algunos cambios importantes en aspectos institucionales en el pa\u00eds y tambi\u00e9n hacer reformas estructurales por otros lados para que el crecimiento\u201d, sostuvo el experto.<\/p>\n\n\n\n<p>Consider\u00f3 que ha habido mucho conformismo, mucho manejar el statu quo gobierno tras gobierno y las reformas son amplias del mercado laboral, del tema energ\u00e9tico que puede consumir m\u00e1s del 33% casi 40% del d\u00e9ficit en un a\u00f1o que se le debe destinar a las EDES.<\/p>\n\n\n\n<p>Igualmente, estim\u00f3 que el transporte es caro internamente en el pa\u00eds y \u201cno somos competitivos y en tal sentido hay unas estructuras de mercado que dificultan el que bajen los costos, hay una serie de reformas que se pudieron haber hecho\u201d.<\/p>\n\n\n\n<p>Collado Di Franco dijo que la deuda interna p\u00fablica ha bajado, \u201cpero para poder evaluar la deuda de un pa\u00eds y determinar su sostenibilidad, no es con una estad\u00edstica como el PIB que refleja el tama\u00f1o o el crecimiento de la econom\u00eda medido a trav\u00e9s del valor agregado en un a\u00f1o, porque con eso no es que se paga la deuda. La deuda se paga, el servicio de la misma con intereses, hay que pagarlo con los ingresos del Estado\u201d.<\/p>\n\n\n\n<p>Cit\u00f3 que hay dos calificadores de riesgo que ya usan la m\u00e9trica del gasto en intereses como porcentaje de los ingresos tributarios y fueron presupuestados en 26% para este a\u00f1o y puede terminar en menos.<\/p>\n\n\n\n<p>Sobre el presupuesto para el 2024, Collado Di Franco espera que no tenga un d\u00e9ficit fiscal mayor en 3.1%, y en su opini\u00f3n deber\u00eda menor.<\/p>\n\n\n\n<p>\u201cLa idea es salir consolidando las finanzas p\u00fablicas y para consolidarla se necesita una reducci\u00f3n en d\u00e9ficits de 3.1% exacto y todav\u00eda no se sabe el t\u00e9rmino de este a\u00f1o va haber un presupuesto complementario y recordar siempre que se est\u00e1 en Rep\u00fablica Dominicana es un a\u00f1o preelectoral y el a\u00f1o pr\u00f3ximo es electoral y se debe tener cuidado con las finanzas p\u00fablicas\u201d, advirti\u00f3 el ejecutivo de CREES.<\/p>\n\n\n\n<p>Fuente RC Noticias<\/p>\n","protected":false},"excerpt":{"rendered":"<p>Santo Domingo \u2013 El economista Miguel Collado Di Franco afirm\u00f3 que contrario a lo que pueden pensar muchas personas, \u201cla inflaci\u00f3n no est\u00e1 bajando\u201d, sino que lo que ha bajado es su ritmo de crecimiento. \u201cEl peso est\u00e1 perdiendo su valor adquisitivo y as\u00ed las personas est\u00e1n perdiendo su capacidad de compra cuando se incrementan [&hellip;]<\/p>\n","protected":false},"author":2,"featured_media":61146,"comment_status":"open","ping_status":"open","sticky":false,"template":"","format":"standard","meta":{"footnotes":""},"categories":[46],"tags":[845,939,2673,58],"class_list":{"0":"post-61145","1":"post","2":"type-post","3":"status-publish","4":"format-standard","5":"has-post-thumbnail","7":"category-economia","8":"tag-ahora-mas-rd","9":"tag-cada-minuto-una-verdad","10":"tag-economista","11":"tag-republica-dominicana"},"aioseo_notices":[],"amp_enabled":true,"_links":{"self":[{"href":"https:\/\/ahoramasrd.com.do\/index.php?rest_route=\/wp\/v2\/posts\/61145","targetHints":{"allow":["GET"]}}],"collection":[{"href":"https:\/\/ahoramasrd.com.do\/index.php?rest_route=\/wp\/v2\/posts"}],"about":[{"href":"https:\/\/ahoramasrd.com.do\/index.php?rest_route=\/wp\/v2\/types\/post"}],"author":[{"embeddable":true,"href":"https:\/\/ahoramasrd.com.do\/index.php?rest_route=\/wp\/v2\/users\/2"}],"replies":[{"embeddable":true,"href":"https:\/\/ahoramasrd.com.do\/index.php?rest_route=%2Fwp%2Fv2%2Fcomments&post=61145"}],"version-history":[{"count":0,"href":"https:\/\/ahoramasrd.com.do\/index.php?rest_route=\/wp\/v2\/posts\/61145\/revisions"}],"wp:featuredmedia":[{"embeddable":true,"href":"https:\/\/ahoramasrd.com.do\/index.php?rest_route=\/"}],"wp:attachment":[{"href":"https:\/\/ahoramasrd.com.do\/index.php?rest_route=%2Fwp%2Fv2%2Fmedia&parent=61145"}],"wp:term":[{"taxonomy":"category","embeddable":true,"href":"https:\/\/ahoramasrd.com.do\/index.php?rest_route=%2Fwp%2Fv2%2Fcategories&post=61145"},{"taxonomy":"post_tag","embeddable":true,"href":"https:\/\/ahoramasrd.com.do\/index.php?rest_route=%2Fwp%2Fv2%2Ftags&post=61145"}],"curies":[{"name":"wp","href":"https:\/\/api.w.org\/{rel}","templated":true}]}}