{"id":63474,"date":"2023-10-06T20:35:22","date_gmt":"2023-10-07T00:35:22","guid":{"rendered":"https:\/\/ahoramasrd.com.do\/?p=63474"},"modified":"2023-10-06T20:35:23","modified_gmt":"2023-10-07T00:35:23","slug":"air-caraibes-aumenta-su-programa-de-vuelos-desde-la-republica-dominicana-y-ofrece-una-nueva-oferta-de-tarifas","status":"publish","type":"post","link":"https:\/\/ahoramasrd.com.do\/?p=63474","title":{"rendered":"Air Cara\u00efbes aumenta su programa de vuelos desde la Rep\u00fablica Dominicana y ofrece una nueva oferta de tarifas"},"content":{"rendered":"\n<p><strong>Par\u00eds-Orly, octubre 4, 2023 <\/strong>\u2013 Air Cara\u00efbes, la compa\u00f1\u00eda especialista del Caribe, aumenta su oferta en m\u00e1s del 50% entre la Rep\u00fablica Dominicana y Par\u00eds-Orly para la temporada de invierno 2023-2024.<\/p>\n\n\n\n<p>Con el fin de participar en la promoci\u00f3n tur\u00edstica del destino, la compa\u00f1\u00eda en asociaci\u00f3n con la Oficina de Turismo de la Rep\u00fablica Dominicana lanza una campa\u00f1a de comunicaci\u00f3n multicanal en \u00cele-de-France.<\/p>\n\n\n\n<p>A trav\u00e9s de esta campa\u00f1a y con su programa Invierno 2023-2024, Air Cara\u00efbes se impone como un actor principal en los vuelos Punta Cana &#8211; Par\u00eds y Santo Domingo &#8211; Par\u00eds.<\/p>\n\n\n\n<p>La compa\u00f1\u00eda ofrecer\u00e1 hasta 6.000 asientos por semana desde la Rep\u00fablica Dominicana. M\u00e1s detalles sobre este programa Invierno 2023-2024:<\/p>\n\n\n\n<p><strong>A partir del 23 de octubre de 2023, Air Cara\u00efbes ofrecer\u00e1 1 vuelo diario desde la Rep\u00fablica Dominicana<\/strong><\/p>\n\n\n\n<p>\u00b7 Punta Cana &lt;&gt; Par\u00eds-Orly 4: 5 vuelos directos por semana<\/p>\n\n\n\n<p>\u00b7 Santo Domingo &lt;&gt; Par\u00eds-Orly 4: 2 vuelos por semana &#8211; 1 v\u00eda Puerto Pr\u00edncipe (Hait\u00ed) los lunes, 1 v\u00eda San Salvador (Las Bahamas) los jueves.<\/p>\n\n\n\n<p>A partir del 14 de diciembre de 2023, Air Cara\u00efbes ofrecer\u00e1 9 vuelos semanales desde la Rep\u00fablica Dominicana<\/p>\n\n\n\n<p>\u00b7 Punta Cana &lt;&gt; Par\u00eds-Orly 4: 1 vuelo diario directo<\/p>\n\n\n\n<p>\u00b7 Santo Domingo &lt;&gt; Par\u00eds-Orly 4: 2 vuelos por semana &#8211; 1 v\u00eda Puerto Pr\u00edncipe (Hait\u00ed) los lunes, 1 v\u00eda San Salvador (Las Bahamas) los jueves.<\/p>\n\n\n\n<p><strong>En esta ocasi\u00f3n, Air Cara\u00efbes lanza una oferta arancelaria para las salidas de la Rep\u00fablica Dominicana (1):<\/strong><\/p>\n\n\n\n<p>$ 1.248.40 en clase CARIBE\/ $ 2.498.00 en clase MADRAS<\/p>\n\n\n\n<p>Per\u00edodo de ventas: hasta el 31 de octubre de 2023<\/p>\n\n\n\n<p>Per\u00edodo de viaje: hasta el 30 de abril de 2024<\/p>\n\n\n\n<p>$ 788,50 en clase SOLEIL<\/p>\n\n\n\n<p>Per\u00edodo de ventas: hasta el 31 de octubre de 2023<\/p>\n\n\n\n<p>Per\u00edodo de viaje: hasta el 30 de abril de 2024<\/p>\n\n\n\n<p>(1) Tarifas de servicio en d\u00f3lares estadounidenses.<\/p>\n\n\n\n<p>Acerca de Air Cara\u00efbes<br>Aerol\u00ednea francesa regular y especialista en el Caribe, Air Cara\u00efbes emplea a 1105 empleados. Air Cara\u00efbes despliega un programa de vuelos denso a precios atractivos hacia el Caribe y Guyana. La compa\u00f1\u00eda tambi\u00e9n comercializa en c\u00f3digo compartido todos los vuelos operados por su compa\u00f1\u00eda hermana, French bee (que ofrece vuelos a La Reuni\u00f3n, Tahit\u00ed, Los \u00c1ngeles, Miami, Nueva York y San Francisco). Air Cara\u00efbes utiliza una flota moderna y eficiente de 9 Airbus (A330, A350-900 y A350-1000) y 3 ATR 72-600 para operar sus conexiones de red. La compa\u00f1\u00eda ha adaptado los horarios de su red regional para ofrecer a los pasajeros procedentes de Francia conexiones r\u00e1pidas a algunos de sus destinos: Saint-Martin (Grand Case), Saint-Barth\u00e9lemy (servicio operado por St Barth Commuter) y la Rep\u00fablica Dominicana (Santo Domingo), operada por Sky High Aviation Services desde el 1 de octubre de 2023.<\/p>\n\n\n\n<p>Air Cara\u00efbes es tambi\u00e9n la primera compa\u00f1\u00eda francesa en conectar la provincia con el Caribe desde Orly gracias a su oferta Train + Air, as\u00ed como a su soluci\u00f3n Air Cara\u00efbes Connect de pre y post-encaminamiento de\/ hacia la provincia y Europa propuesta en asociaci\u00f3n con Resaneo. La compa\u00f1\u00eda tambi\u00e9n ofrece una conexi\u00f3n aire-mar a las islas de Marie-Galante, Saintes y Dominica con navigAIR. Para m\u00e1s informaci\u00f3n: www.aircaraibes.com o por tel\u00e9fono al 0820 835 835 (0,12 \u20ac \/min + precio de una llamada desde un puesto fijo en Francia Metropolitana y 0,11 \u20ac\/min en las Antillas &#8211; Guyana. Tarifa vigente susceptible de ser modificada).<\/p>\n\n\n\n<p>Acerca del Grupo Dubreuil<\/p>\n\n\n\n<p>Presente en 7 oficios, el grupo Dubreuil emplea a 6.000 colaboradores y ha realizado un volumen de negocios consolidado de 2.700 millones de euros para 2022. Durante el per\u00edodo, el volumen de negocios se distribuye del siguiente modo entre las actividades de la Distribuci\u00f3n &#8211; el Autom\u00f3vil (36% del CA), los materiales TP (12%), la Maquinaria Agr\u00edcola (10%), las Energ\u00edas (9%), el Peso Pesado (1,5%) &#8211; las de la Hosteler\u00eda y el Inmobiliario (0,5%) y las del Transporte A\u00e9reo (31%). www.groupedubreuil.com.<\/p>\n\n\n\n<p>Informaci\u00f3n y reservas en air cara\u00efbes<\/p>\n","protected":false},"excerpt":{"rendered":"<p>Par\u00eds-Orly, octubre 4, 2023 \u2013 Air Cara\u00efbes, la compa\u00f1\u00eda especialista del Caribe, aumenta su oferta en m\u00e1s del 50% entre la Rep\u00fablica Dominicana y Par\u00eds-Orly para la temporada de invierno 2023-2024. Con el fin de participar en la promoci\u00f3n tur\u00edstica del destino, la compa\u00f1\u00eda en asociaci\u00f3n con la Oficina de Turismo de la Rep\u00fablica Dominicana [&hellip;]<\/p>\n","protected":false},"author":2,"featured_media":63475,"comment_status":"open","ping_status":"open","sticky":false,"template":"","format":"standard","meta":{"footnotes":""},"categories":[46],"tags":[845,939],"class_list":{"0":"post-63474","1":"post","2":"type-post","3":"status-publish","4":"format-standard","5":"has-post-thumbnail","7":"category-economia","8":"tag-ahora-mas-rd","9":"tag-cada-minuto-una-verdad"},"aioseo_notices":[],"amp_enabled":true,"_links":{"self":[{"href":"https:\/\/ahoramasrd.com.do\/index.php?rest_route=\/wp\/v2\/posts\/63474","targetHints":{"allow":["GET"]}}],"collection":[{"href":"https:\/\/ahoramasrd.com.do\/index.php?rest_route=\/wp\/v2\/posts"}],"about":[{"href":"https:\/\/ahoramasrd.com.do\/index.php?rest_route=\/wp\/v2\/types\/post"}],"author":[{"embeddable":true,"href":"https:\/\/ahoramasrd.com.do\/index.php?rest_route=\/wp\/v2\/users\/2"}],"replies":[{"embeddable":true,"href":"https:\/\/ahoramasrd.com.do\/index.php?rest_route=%2Fwp%2Fv2%2Fcomments&post=63474"}],"version-history":[{"count":0,"href":"https:\/\/ahoramasrd.com.do\/index.php?rest_route=\/wp\/v2\/posts\/63474\/revisions"}],"wp:featuredmedia":[{"embeddable":true,"href":"https:\/\/ahoramasrd.com.do\/index.php?rest_route=\/"}],"wp:attachment":[{"href":"https:\/\/ahoramasrd.com.do\/index.php?rest_route=%2Fwp%2Fv2%2Fmedia&parent=63474"}],"wp:term":[{"taxonomy":"category","embeddable":true,"href":"https:\/\/ahoramasrd.com.do\/index.php?rest_route=%2Fwp%2Fv2%2Fcategories&post=63474"},{"taxonomy":"post_tag","embeddable":true,"href":"https:\/\/ahoramasrd.com.do\/index.php?rest_route=%2Fwp%2Fv2%2Ftags&post=63474"}],"curies":[{"name":"wp","href":"https:\/\/api.w.org\/{rel}","templated":true}]}}