{"id":64080,"date":"2023-11-04T17:23:51","date_gmt":"2023-11-04T21:23:51","guid":{"rendered":"https:\/\/ahoramasrd.com.do\/?p=64080"},"modified":"2023-11-04T17:23:52","modified_gmt":"2023-11-04T21:23:52","slug":"neymar-de-alta-tras-operacion-de-rodilla-en-brasil","status":"publish","type":"post","link":"https:\/\/ahoramasrd.com.do\/?p=64080","title":{"rendered":"Neymar, de alta tras operaci\u00f3n de rodilla en Brasil"},"content":{"rendered":"\n<p>El astro brasile\u00f1o Neymar fue dado de alta la ma\u00f1ana de este s\u00e1bado tras presentar una \u201cbuena evoluci\u00f3n\u201d luego de ser operado de la rodilla el jueves \u00faltimo en un hospital de Belo Horizonte, inform\u00f3 la Confederaci\u00f3n Brasile\u00f1a de F\u00fatbol (CBF).<\/p>\n\n\n\n<p>El atacante \u201crecibi\u00f3 el alta la ma\u00f1ana de este s\u00e1bado del hospital Mater Dei\u201d, en la capital de Minas Gerais (sudeste), \u201cdespu\u00e9s de una nueva evaluaci\u00f3n\u201d del m\u00e9dico a cargo de la operaci\u00f3n, Rodrigo Lasmar, inform\u00f3 la CBF en un comunicado.<\/p>\n\n\n\n<p>Neymar, que pas\u00f3 por una cirug\u00eda tras sufrir una rotura de ligamento cruzado anterior y meniscos de la rodilla izquierda, \u201cpresent\u00f3 una buena evoluci\u00f3n en el posoperatorio\u201d, a\u00f1adi\u00f3 la nota.<\/p>\n\n\n\n<p>El astro, de 31 a\u00f1os, sufri\u00f3 la grave lesi\u00f3n durante la derrota 2-0 de la selecci\u00f3n brasile\u00f1a ante Uruguay el 17 de octubre en Montevideo, en un partido del premundial sudamericano.<\/p>\n\n\n\n<p>El jueves el equipo m\u00e9dico hab\u00eda celebrado el \u201c\u00e9xito\u201d del procedimiento del goleador de la \u2018Selecao\u2019, en el que se le reconstruy\u00f3 el ligamento cruzado anterior y le fueron reparadas las lesiones en los dos meniscos.<\/p>\n\n\n\n<p>Entonces, se hab\u00eda previsto el alta para un m\u00e1ximo de 48 horas, dependiendo de la evoluci\u00f3n.<\/p>\n\n\n\n<p>\u201cEl paso siguiente es iniciar el trabajo de fisioterapia\u201d, detall\u00f3 el comunicado de la CBF.<\/p>\n\n\n\n<p>El actual atacante del club saudita Al-Hilal estar\u00e1 apartado de los campos por varios meses.<\/p>\n\n\n\n<p>El viernes, en un video publicado en su cuenta de Instagram y resposteado por el club, Neymar agradeci\u00f3 desde el hospital por el cari\u00f1o recibido y asegur\u00f3 que estar\u00e1 de vuelta \u201clo m\u00e1s r\u00e1pido posible\u201d.<\/p>\n\n\n\n<p>El brasile\u00f1o, que en septiembre super\u00f3 a Pel\u00e9 como m\u00e1ximo goleador de la selecci\u00f3n, con 79 tantos, ha sufrido numerosas lesiones durante su carrera.<\/p>\n\n\n\n<p>La \u00faltima hab\u00eda sido en febrero \u00faltimo, por lo que en marzo fue sometido a una cirug\u00eda de reparaci\u00f3n de los ligamentos del tobillo derecho, que ya le hab\u00eda dado problemas en el pasado.<\/p>\n\n\n\n<p>Solo pudo volver a los campos en septiembre.<\/p>\n\n\n\n<p>Entre otros compromisos, Neymar ser\u00e1 baja de los pr\u00f3ximos partidos de la selecci\u00f3n este mes: una visita a Colombia y el cl\u00e1sico contra la campeona del mundo, Argentina, de Lionel Messi en el Maracan\u00e1.<\/p>\n\n\n\n<p>Fuente RC Noticias<\/p>\n","protected":false},"excerpt":{"rendered":"<p>El astro brasile\u00f1o Neymar fue dado de alta la ma\u00f1ana de este s\u00e1bado tras presentar una \u201cbuena evoluci\u00f3n\u201d luego de ser operado de la rodilla el jueves \u00faltimo en un hospital de Belo Horizonte, inform\u00f3 la Confederaci\u00f3n Brasile\u00f1a de F\u00fatbol (CBF). El atacante \u201crecibi\u00f3 el alta la ma\u00f1ana de este s\u00e1bado del hospital Mater Dei\u201d, [&hellip;]<\/p>\n","protected":false},"author":2,"featured_media":64081,"comment_status":"open","ping_status":"open","sticky":false,"template":"","format":"standard","meta":{"footnotes":""},"categories":[49],"tags":[845,939,2795,58],"class_list":{"0":"post-64080","1":"post","2":"type-post","3":"status-publish","4":"format-standard","5":"has-post-thumbnail","7":"category-deportes","8":"tag-ahora-mas-rd","9":"tag-cada-minuto-una-verdad","10":"tag-neymar","11":"tag-republica-dominicana"},"aioseo_notices":[],"amp_enabled":true,"_links":{"self":[{"href":"https:\/\/ahoramasrd.com.do\/index.php?rest_route=\/wp\/v2\/posts\/64080","targetHints":{"allow":["GET"]}}],"collection":[{"href":"https:\/\/ahoramasrd.com.do\/index.php?rest_route=\/wp\/v2\/posts"}],"about":[{"href":"https:\/\/ahoramasrd.com.do\/index.php?rest_route=\/wp\/v2\/types\/post"}],"author":[{"embeddable":true,"href":"https:\/\/ahoramasrd.com.do\/index.php?rest_route=\/wp\/v2\/users\/2"}],"replies":[{"embeddable":true,"href":"https:\/\/ahoramasrd.com.do\/index.php?rest_route=%2Fwp%2Fv2%2Fcomments&post=64080"}],"version-history":[{"count":0,"href":"https:\/\/ahoramasrd.com.do\/index.php?rest_route=\/wp\/v2\/posts\/64080\/revisions"}],"wp:featuredmedia":[{"embeddable":true,"href":"https:\/\/ahoramasrd.com.do\/index.php?rest_route=\/"}],"wp:attachment":[{"href":"https:\/\/ahoramasrd.com.do\/index.php?rest_route=%2Fwp%2Fv2%2Fmedia&parent=64080"}],"wp:term":[{"taxonomy":"category","embeddable":true,"href":"https:\/\/ahoramasrd.com.do\/index.php?rest_route=%2Fwp%2Fv2%2Fcategories&post=64080"},{"taxonomy":"post_tag","embeddable":true,"href":"https:\/\/ahoramasrd.com.do\/index.php?rest_route=%2Fwp%2Fv2%2Ftags&post=64080"}],"curies":[{"name":"wp","href":"https:\/\/api.w.org\/{rel}","templated":true}]}}