{"id":65303,"date":"2023-12-29T16:57:29","date_gmt":"2023-12-29T20:57:29","guid":{"rendered":"https:\/\/ahoramasrd.com.do\/?p=65303"},"modified":"2023-12-29T16:57:30","modified_gmt":"2023-12-29T20:57:30","slug":"abogado-afirma-wander-franco-se-presentara-en-tribunal-de-puerto-plata-la-proxima-semana","status":"publish","type":"post","link":"https:\/\/ahoramasrd.com.do\/?p=65303","title":{"rendered":"Abogado afirma Wander Franco se presentar\u00e1 en tribunal de Puerto Plata la pr\u00f3xima semana"},"content":{"rendered":"\n<p>Santo Domingo.- Francisco Rodr\u00edguez Consor\u00f3, uno de los abogados del pelotero Wander Franco, afirm\u00f3 que este se presentar\u00e1 en tribunal de Puerto Plata la pr\u00f3xima semana para responder a las investigaciones sobre su presunta relaci\u00f3n con una menor de edad.<\/p>\n\n\n\n<p>\u00abConversamos con Wander Franco, y el dijo que no tiene ning\u00fan problema, desde que pise tierra iremos a Puerto Plata\u00bb, dijo Rodr\u00edguez Consor\u00f3 en el programa el Sol de la Ma\u00f1ana del Grupo RCC Media.<\/p>\n\n\n\n<p>En ese orden, aclar\u00f3 que la magistrada Olga Din\u00e1 Llaverias, directora Nacional de Ni\u00f1os, Ni\u00f1as y Adolescentes solo ser\u00e1 una intermediaria en el caso.<\/p>\n\n\n\n<p>El exjuez quien forma parte de la defensa del jugador de Tampa Bay Rays, conjuntamente con Teodosio Jacquez, afirm\u00f3 que hasta el momento no tienen la documentaci\u00f3n legal que sustenta la supuesta acusaci\u00f3n de violaci\u00f3n en contra de su cliente.<\/p>\n\n\n\n<p>Se recuerda que ayer el pelotero no se present\u00f3 en la Direcci\u00f3n Nacional de Ni\u00f1os, Ni\u00f1as y Adolescentes, seg\u00fan hab\u00eda sido requerido por la Fiscal Titular, Olga Din\u00e1 Llaver\u00edas, para ser cuestionado con respecto a las acusaciones que pesan en su contra por alegadamente haber sostenido relaciones con j\u00f3venes menores de edad.<\/p>\n\n\n\n<p>El torpedero dominicano fue colocado en licencia administrativa durante el pasado mes de agosto, cuando fue confirmado por autoridades dominicanas y por la propia MLB que el jugador se encontraba bajo investigaci\u00f3n por dichas acusaciones.<\/p>\n\n\n\n<p>Fuente Deultimominuto<\/p>\n","protected":false},"excerpt":{"rendered":"<p>Santo Domingo.- Francisco Rodr\u00edguez Consor\u00f3, uno de los abogados del pelotero Wander Franco, afirm\u00f3 que este se presentar\u00e1 en tribunal de Puerto Plata la pr\u00f3xima semana para responder a las investigaciones sobre su presunta relaci\u00f3n con una menor de edad. \u00abConversamos con Wander Franco, y el dijo que no tiene ning\u00fan problema, desde que pise [&hellip;]<\/p>\n","protected":false},"author":2,"featured_media":65304,"comment_status":"open","ping_status":"open","sticky":false,"template":"","format":"standard","meta":{"footnotes":""},"categories":[44,49],"tags":[845,939,58,3043],"class_list":{"0":"post-65303","1":"post","2":"type-post","3":"status-publish","4":"format-standard","5":"has-post-thumbnail","7":"category-actualidad","8":"category-deportes","9":"tag-ahora-mas-rd","10":"tag-cada-minuto-una-verdad","11":"tag-republica-dominicana","12":"tag-wander-franco-2"},"aioseo_notices":[],"amp_enabled":true,"_links":{"self":[{"href":"https:\/\/ahoramasrd.com.do\/index.php?rest_route=\/wp\/v2\/posts\/65303","targetHints":{"allow":["GET"]}}],"collection":[{"href":"https:\/\/ahoramasrd.com.do\/index.php?rest_route=\/wp\/v2\/posts"}],"about":[{"href":"https:\/\/ahoramasrd.com.do\/index.php?rest_route=\/wp\/v2\/types\/post"}],"author":[{"embeddable":true,"href":"https:\/\/ahoramasrd.com.do\/index.php?rest_route=\/wp\/v2\/users\/2"}],"replies":[{"embeddable":true,"href":"https:\/\/ahoramasrd.com.do\/index.php?rest_route=%2Fwp%2Fv2%2Fcomments&post=65303"}],"version-history":[{"count":0,"href":"https:\/\/ahoramasrd.com.do\/index.php?rest_route=\/wp\/v2\/posts\/65303\/revisions"}],"wp:featuredmedia":[{"embeddable":true,"href":"https:\/\/ahoramasrd.com.do\/index.php?rest_route=\/"}],"wp:attachment":[{"href":"https:\/\/ahoramasrd.com.do\/index.php?rest_route=%2Fwp%2Fv2%2Fmedia&parent=65303"}],"wp:term":[{"taxonomy":"category","embeddable":true,"href":"https:\/\/ahoramasrd.com.do\/index.php?rest_route=%2Fwp%2Fv2%2Fcategories&post=65303"},{"taxonomy":"post_tag","embeddable":true,"href":"https:\/\/ahoramasrd.com.do\/index.php?rest_route=%2Fwp%2Fv2%2Ftags&post=65303"}],"curies":[{"name":"wp","href":"https:\/\/api.w.org\/{rel}","templated":true}]}}