{"id":65908,"date":"2024-02-04T14:11:54","date_gmt":"2024-02-04T18:11:54","guid":{"rendered":"https:\/\/ahoramasrd.com.do\/?p=65908"},"modified":"2024-02-04T14:11:56","modified_gmt":"2024-02-04T18:11:56","slug":"jose-dantes-decision-jce-sobre-uno-de-los-miembros-de-su-pleno-afecta-imparcialidad","status":"publish","type":"post","link":"https:\/\/ahoramasrd.com.do\/?p=65908","title":{"rendered":"Jos\u00e9 Dant\u00e9s: Decisi\u00f3n JCE sobre uno de los miembros de su Pleno afecta imparcialidad"},"content":{"rendered":"\n<p>Jos\u00e9 Dant\u00e9s Diaz, Secretario de los Asuntos Jur\u00eddicos del Partido de la Liberaci\u00f3n Dominicana (PLD) reaccion\u00f3 a la decisi\u00f3n de la Junta Central Electoral (JCE) de rechazar la recusaci\u00f3n del PLD contra el miembro de ese organismo, Rafael Vallejo Santelises, explicando que no tiene fundamentos reales y afecta la imparcialidad del \u00f3rgano.<\/p>\n\n\n\n<p>\u201cCon ese tipo de actuaciones se afecta la credibilidad de la Junta Central Electoral, pero al final son los electores los que van a decir, no es el \u00e1rbitro\u201d, dijo Jos\u00e9 Dant\u00e9s en declaraciones al peri\u00f3dico El Nacional, que publica este domingo<\/p>\n\n\n\n<p>Lament\u00f3 que el pleno de la JCE haya actuado \u201ccomo un club de pana\u201d defendiendo, protegiendo y siendo solidario con Vallejo Santelises.<\/p>\n\n\n\n<p>Reiter\u00f3 que hay motivo m\u00e1s que suficiente para recusar al miembro del pleno porque dio unas declaraciones preconcebidas sobre un tema delicado que ser\u00eda conocido por todos los miembros del \u00f3rgano que tiene en sus manos la organizaci\u00f3n y direcci\u00f3n de las elecciones municipales, y congresuales y presidenciales en mayo pr\u00f3ximo.<\/p>\n\n\n\n<p>\u201cLo que quer\u00edamos era sacarlo a \u00e9l de esas discusiones por lo que hab\u00eda dicho, porque \u00e9l es miembro de un \u00f3rgano colegiado, usted no puede estar hablando solo, usted no puede hablar de un tema que debe conocerse en una audiencia del pleno y eso era un motivo m\u00e1s que suficiente para que fuera recusado. Ellos actuaron como un club de pana, de amigos, en solidaridad\u201d, sostuvo, dijo Dant\u00e9s.<\/p>\n\n\n\n<p>Agreg\u00f3 que \u201clo que ellos dicen es que lo que \u00e9l dijo el d\u00eda 20, no muestra ni que \u00e9l est\u00e1 parcializado, ni que \u00e9l dio una opini\u00f3n preconcebida, oye esa vaina, ni que \u00e9l verbaliz\u00f3 un prejuzgamiento de algo que est\u00e1 en el debate, pero eso tiene tres semanas en el debate, entonces lo que \u00e9l fue a prejuzgar, o sea previamente a que el pleno conociera eso\u201d.<\/p>\n\n\n\n<p>Sostuvo que el art\u00edculo 210 de la Ley 20-23 del R\u00e9gimen Electoral, dice que ni el Gobierno Central ni las alcald\u00edas pueden inaugurar obras 40 d\u00edas antes de las elecciones.<\/p>\n\n\n\n<p>Insisti\u00f3 en que Vallejo Santelises, el d\u00eda 20 de enero, emiti\u00f3 sobre la prohibici\u00f3n de las inauguraciones en campa\u00f1a una opini\u00f3n preconcebida, \u201cuna exteriorizaci\u00f3n de un prejuzgamiento de un criterio de un miembro de un \u00f3rgano colegiado sobre un tema que est\u00e1 en el debate y ha sido denunciado desde hace semanas y, por lo tanto, comprometi\u00f3 su imparcialidad, inobservando as\u00ed las garant\u00edas m\u00ednimas del debido proceso, como lo es la imparcialidad del juez o actor administrativo\u201d, opin\u00f3 Jos\u00e9 Dant\u00e9s Diaz.<\/p>\n\n\n\n<p>El pasado d\u00eda 30 de enero Jos\u00e9 Dant\u00e9s Diaz en compa\u00f1\u00eda de Danilo Diaz acudieron al sede de la JCE con la instancia que recusa al miembro del Pleno Rafael Vallejo Santelises: \u201cEstamos recusando al magistrado Santelises por haber asumido p\u00fablicamente la vocer\u00eda del Gobierno y renunciar a su condici\u00f3n de magistrado que se hab\u00eda comprometido mediante documento hecho p\u00fablico que regula el calendario electoral donde se proh\u00edbe expresamente las inauguraciones tanto del gobierno como de las alcald\u00edas\u201d, indic\u00f3 Danilo Diaz.<\/p>\n\n\n\n<p>Fuente RC Noticias<\/p>\n","protected":false},"excerpt":{"rendered":"<p>Jos\u00e9 Dant\u00e9s Diaz, Secretario de los Asuntos Jur\u00eddicos del Partido de la Liberaci\u00f3n Dominicana (PLD) reaccion\u00f3 a la decisi\u00f3n de la Junta Central Electoral (JCE) de rechazar la recusaci\u00f3n del PLD contra el miembro de ese organismo, Rafael Vallejo Santelises, explicando que no tiene fundamentos reales y afecta la imparcialidad del \u00f3rgano. \u201cCon ese tipo [&hellip;]<\/p>\n","protected":false},"author":2,"featured_media":65909,"comment_status":"open","ping_status":"open","sticky":false,"template":"","format":"standard","meta":{"footnotes":""},"categories":[44],"tags":[845,939,2736,58],"class_list":{"0":"post-65908","1":"post","2":"type-post","3":"status-publish","4":"format-standard","5":"has-post-thumbnail","7":"category-actualidad","8":"tag-ahora-mas-rd","9":"tag-cada-minuto-una-verdad","10":"tag-jose-dantes","11":"tag-republica-dominicana"},"aioseo_notices":[],"amp_enabled":true,"_links":{"self":[{"href":"https:\/\/ahoramasrd.com.do\/index.php?rest_route=\/wp\/v2\/posts\/65908","targetHints":{"allow":["GET"]}}],"collection":[{"href":"https:\/\/ahoramasrd.com.do\/index.php?rest_route=\/wp\/v2\/posts"}],"about":[{"href":"https:\/\/ahoramasrd.com.do\/index.php?rest_route=\/wp\/v2\/types\/post"}],"author":[{"embeddable":true,"href":"https:\/\/ahoramasrd.com.do\/index.php?rest_route=\/wp\/v2\/users\/2"}],"replies":[{"embeddable":true,"href":"https:\/\/ahoramasrd.com.do\/index.php?rest_route=%2Fwp%2Fv2%2Fcomments&post=65908"}],"version-history":[{"count":0,"href":"https:\/\/ahoramasrd.com.do\/index.php?rest_route=\/wp\/v2\/posts\/65908\/revisions"}],"wp:featuredmedia":[{"embeddable":true,"href":"https:\/\/ahoramasrd.com.do\/index.php?rest_route=\/"}],"wp:attachment":[{"href":"https:\/\/ahoramasrd.com.do\/index.php?rest_route=%2Fwp%2Fv2%2Fmedia&parent=65908"}],"wp:term":[{"taxonomy":"category","embeddable":true,"href":"https:\/\/ahoramasrd.com.do\/index.php?rest_route=%2Fwp%2Fv2%2Fcategories&post=65908"},{"taxonomy":"post_tag","embeddable":true,"href":"https:\/\/ahoramasrd.com.do\/index.php?rest_route=%2Fwp%2Fv2%2Ftags&post=65908"}],"curies":[{"name":"wp","href":"https:\/\/api.w.org\/{rel}","templated":true}]}}