{"id":65920,"date":"2024-02-04T16:31:51","date_gmt":"2024-02-04T20:31:51","guid":{"rendered":"https:\/\/ahoramasrd.com.do\/?p=65920"},"modified":"2024-02-04T16:31:52","modified_gmt":"2024-02-04T20:31:52","slug":"dominicanos-participan-en-mision-de-observacion-electoral-en-el-salvador","status":"publish","type":"post","link":"https:\/\/ahoramasrd.com.do\/?p=65920","title":{"rendered":"Dominicanos participan en Misi\u00f3n de Observaci\u00f3n Electoral en El Salvador"},"content":{"rendered":"\n<p>Un destacado grupo de observadores electorales dominicanos, miembros de la Delegaci\u00f3n Latinoamericana, se unen a la misi\u00f3n internacional invitada por el Tribunal Supremo Electoral de El Salvador.<\/p>\n\n\n\n<p>La delegaci\u00f3n incluye al Vicepresidente Mundial y Coordinador del Programa de Misi\u00f3n de Observaci\u00f3n Electoral Internacional (MOEI), Manuel \u00c1lvarez, El Coordinador General de los Programas de Embajadores, Luis Encarnaci\u00f3n, La Embajadora de la Delegaci\u00f3n en Rep\u00fablica Dominicana, Luisa Medrano, La Directora de Educaci\u00f3n y Concientizaci\u00f3n, Omara Corporan, El Director de Tecnolog\u00eda de la Misi\u00f3n, Gilbert Rivas y otros invitados.<\/p>\n\n\n\n<p>Estos j\u00f3venes poseen una amplia experiencia en observaciones electorales, habiendo participado en diversas misiones en pa\u00edses de la regi\u00f3n como Honduras, Guatemala, Ecuador, Colombia, Costa Rica, Argentina, entre otros pa\u00edses. Su compromiso y conocimiento en este campo son invaluables para garantizar la transparencia y legitimidad de los procesos electorales a nivel internacional.<\/p>\n\n\n\n<p>Manuel \u00c1lvarez coment\u00f3: \u201cEs un honor formar parte de esta misi\u00f3n en El Salvador. Nuestra experiencia previa nos permite aportar de manera significativa a la supervisi\u00f3n imparcial de estas elecciones, promoviendo la democracia en la regi\u00f3n.\u201d<\/p>\n\n\n\n<p>Luis Encarnaci\u00f3n expres\u00f3: \u201cLa importancia de la observaci\u00f3n electoral radica en asegurar la integridad y equidad de los procesos democr\u00e1ticos, contribuyendo as\u00ed a fortalecer la confianza en las instituciones electorales.\u201d<\/p>\n\n\n\n<p>Luisa Medrano informa: \u201cEsta jornada electoral en El Salvador es una muestra del compromiso c\u00edvico de su poblaci\u00f3n y un paso importante en el fortalecimiento de su democracia. Es vital que se respeten los resultados y que se trabaje por la unidad y el bienestar de todos los salvadore\u00f1os.\u201d<\/p>\n\n\n\n<p>Omara Corporan a\u00f1adi\u00f3: \u201cLos logros en educaci\u00f3n y concientizaci\u00f3n electoral son fundamentales para fortalecer la democracia. La capacitaci\u00f3n de la ciudadan\u00eda en estos temas es clave para garantizar una participaci\u00f3n activa en los procesos electorales, asegurando la construcci\u00f3n de una sociedad m\u00e1s democr\u00e1tica y participativa.\u201d<\/p>\n\n\n\n<p>Gilberto Rivas aport\u00f3: \u201cLa importancia del voto electr\u00f3nico para los salvadore\u00f1os ausentes, mencionando que esta tecnolog\u00eda puede facilitar la participaci\u00f3n de ciudadanos que se encuentran en el extranjero, contribuyendo as\u00ed a una mayor inclusi\u00f3n y representatividad en el proceso electoral.\u201d<\/p>\n\n\n\n<p>Fuente RC Noticias<\/p>\n","protected":false},"excerpt":{"rendered":"<p>Un destacado grupo de observadores electorales dominicanos, miembros de la Delegaci\u00f3n Latinoamericana, se unen a la misi\u00f3n internacional invitada por el Tribunal Supremo Electoral de El Salvador. La delegaci\u00f3n incluye al Vicepresidente Mundial y Coordinador del Programa de Misi\u00f3n de Observaci\u00f3n Electoral Internacional (MOEI), Manuel \u00c1lvarez, El Coordinador General de los Programas de Embajadores, Luis [&hellip;]<\/p>\n","protected":false},"author":2,"featured_media":65921,"comment_status":"open","ping_status":"open","sticky":false,"template":"","format":"standard","meta":{"footnotes":""},"categories":[44],"tags":[845,939,3110,58],"class_list":{"0":"post-65920","1":"post","2":"type-post","3":"status-publish","4":"format-standard","5":"has-post-thumbnail","7":"category-actualidad","8":"tag-ahora-mas-rd","9":"tag-cada-minuto-una-verdad","10":"tag-el-salvador","11":"tag-republica-dominicana"},"aioseo_notices":[],"amp_enabled":true,"_links":{"self":[{"href":"https:\/\/ahoramasrd.com.do\/index.php?rest_route=\/wp\/v2\/posts\/65920","targetHints":{"allow":["GET"]}}],"collection":[{"href":"https:\/\/ahoramasrd.com.do\/index.php?rest_route=\/wp\/v2\/posts"}],"about":[{"href":"https:\/\/ahoramasrd.com.do\/index.php?rest_route=\/wp\/v2\/types\/post"}],"author":[{"embeddable":true,"href":"https:\/\/ahoramasrd.com.do\/index.php?rest_route=\/wp\/v2\/users\/2"}],"replies":[{"embeddable":true,"href":"https:\/\/ahoramasrd.com.do\/index.php?rest_route=%2Fwp%2Fv2%2Fcomments&post=65920"}],"version-history":[{"count":0,"href":"https:\/\/ahoramasrd.com.do\/index.php?rest_route=\/wp\/v2\/posts\/65920\/revisions"}],"wp:featuredmedia":[{"embeddable":true,"href":"https:\/\/ahoramasrd.com.do\/index.php?rest_route=\/"}],"wp:attachment":[{"href":"https:\/\/ahoramasrd.com.do\/index.php?rest_route=%2Fwp%2Fv2%2Fmedia&parent=65920"}],"wp:term":[{"taxonomy":"category","embeddable":true,"href":"https:\/\/ahoramasrd.com.do\/index.php?rest_route=%2Fwp%2Fv2%2Fcategories&post=65920"},{"taxonomy":"post_tag","embeddable":true,"href":"https:\/\/ahoramasrd.com.do\/index.php?rest_route=%2Fwp%2Fv2%2Ftags&post=65920"}],"curies":[{"name":"wp","href":"https:\/\/api.w.org\/{rel}","templated":true}]}}