{"id":68728,"date":"2024-07-04T13:30:20","date_gmt":"2024-07-04T17:30:20","guid":{"rendered":"https:\/\/ahoramasrd.com.do\/?p=68728"},"modified":"2024-07-04T13:30:21","modified_gmt":"2024-07-04T17:30:21","slug":"coe-18-provincias-en-alerta-por-onda-tropical-localizada-sobre-puerto-rico","status":"publish","type":"post","link":"https:\/\/ahoramasrd.com.do\/?p=68728","title":{"rendered":"COE: 18 provincias en alerta por onda tropical localizada sobre Puerto Rico"},"content":{"rendered":"\n<p>Santo Domingo.- La Direcci\u00f3n del Centro de Operaciones de Emergencias (COE), inform\u00f3 que de acuerdo con el bolet\u00edn meteorol\u00f3gico del d\u00eda de hoy de la Oficina Nacional de Meteorolog\u00eda \u201cONAMET, se prev\u00e9 un aumento significativo de la humedad e inestabilidad sobre nuestro territorio, asociado a una activa onda tropical localizada sobre Puerto Rico con bajo potencial cicl\u00f3nico.<\/p>\n\n\n\n<p>El COE inform\u00f3 que a medida que se desplace hacia el oeste\/noroeste acerc\u00e1ndose al pa\u00eds, producir\u00e1 en la tarde y primeras horas de la noche desarrollos nubosos con fuertes actividades de aguaceros, tormentas el\u00e9ctricas y<br>r\u00e1fagas de viento, especialmente en la porci\u00f3n oriental, el litoral costero Caribe\u00f1o, el noreste,<br>Cordillera Central y la zona fronteriza.<\/p>\n\n\n\n<p>El Centro de Operaciones de Emergencias (COE), mantiene y modifica los niveles de alerta<br>ante posibles condiciones de tormenta tropical desde Punta Palenque hasta Pedernales, en la<br>frontera con Hait\u00ed.<\/p>\n\n\n\n<p>En virtud de esto, incrementan a 8 las provincias en alerta Amarilla y a 10 las provincias en alerta Verde, por posible inundaciones repentinas urbanas y rurales, crecidas de r\u00edos, arroyos y ca\u00f1adas, as\u00ed como deslizamientos<br>de tierra.<\/p>\n\n\n\n<p>Informaron que los padres deben tener control sobre sus hijos, para evitar que usen r\u00edos, arroyos y ca\u00f1adas que presenten alto vol\u00famenes de agua, adem\u00e1s no hacer uso de balnearios en las provincias bajo alerta.<\/p>\n\n\n\n<p><\/p>\n","protected":false},"excerpt":{"rendered":"<p>Santo Domingo.- La Direcci\u00f3n del Centro de Operaciones de Emergencias (COE), inform\u00f3 que de acuerdo con el bolet\u00edn meteorol\u00f3gico del d\u00eda de hoy de la Oficina Nacional de Meteorolog\u00eda \u201cONAMET, se prev\u00e9 un aumento significativo de la humedad e inestabilidad sobre nuestro territorio, asociado a una activa onda tropical localizada sobre Puerto Rico con bajo [&hellip;]<\/p>\n","protected":false},"author":2,"featured_media":68729,"comment_status":"open","ping_status":"open","sticky":false,"template":"","format":"standard","meta":{"footnotes":""},"categories":[44],"tags":[845,939,58],"class_list":{"0":"post-68728","1":"post","2":"type-post","3":"status-publish","4":"format-standard","5":"has-post-thumbnail","7":"category-actualidad","8":"tag-ahora-mas-rd","9":"tag-cada-minuto-una-verdad","10":"tag-republica-dominicana"},"aioseo_notices":[],"amp_enabled":true,"_links":{"self":[{"href":"https:\/\/ahoramasrd.com.do\/index.php?rest_route=\/wp\/v2\/posts\/68728","targetHints":{"allow":["GET"]}}],"collection":[{"href":"https:\/\/ahoramasrd.com.do\/index.php?rest_route=\/wp\/v2\/posts"}],"about":[{"href":"https:\/\/ahoramasrd.com.do\/index.php?rest_route=\/wp\/v2\/types\/post"}],"author":[{"embeddable":true,"href":"https:\/\/ahoramasrd.com.do\/index.php?rest_route=\/wp\/v2\/users\/2"}],"replies":[{"embeddable":true,"href":"https:\/\/ahoramasrd.com.do\/index.php?rest_route=%2Fwp%2Fv2%2Fcomments&post=68728"}],"version-history":[{"count":0,"href":"https:\/\/ahoramasrd.com.do\/index.php?rest_route=\/wp\/v2\/posts\/68728\/revisions"}],"wp:featuredmedia":[{"embeddable":true,"href":"https:\/\/ahoramasrd.com.do\/index.php?rest_route=\/"}],"wp:attachment":[{"href":"https:\/\/ahoramasrd.com.do\/index.php?rest_route=%2Fwp%2Fv2%2Fmedia&parent=68728"}],"wp:term":[{"taxonomy":"category","embeddable":true,"href":"https:\/\/ahoramasrd.com.do\/index.php?rest_route=%2Fwp%2Fv2%2Fcategories&post=68728"},{"taxonomy":"post_tag","embeddable":true,"href":"https:\/\/ahoramasrd.com.do\/index.php?rest_route=%2Fwp%2Fv2%2Ftags&post=68728"}],"curies":[{"name":"wp","href":"https:\/\/api.w.org\/{rel}","templated":true}]}}