{"id":68740,"date":"2024-07-04T13:43:48","date_gmt":"2024-07-04T17:43:48","guid":{"rendered":"https:\/\/ahoramasrd.com.do\/?p=68740"},"modified":"2024-07-04T13:43:50","modified_gmt":"2024-07-04T17:43:50","slug":"unctad-onu-acoge-declaracion-propusopro-consumidor-rd-para-proteger-a-los-consumidores-en-el-comercio-transfronterizo","status":"publish","type":"post","link":"https:\/\/ahoramasrd.com.do\/?p=68740","title":{"rendered":"UNCTAD-ONU acoge Declaraci\u00f3n propusoPro Consumidor-RD para proteger a los consumidores en el comercio transfronterizo"},"content":{"rendered":"\n<p>Eddy Alc\u00e1ntara present\u00f3 la propuesta como presidente del Foro Iberoamericano de Agencias Gubernamentales de Protecci\u00f3n al Consumidor-<br>-Es la primera vez en la historia que pa\u00edses de Iberoam\u00e9rica consiguen la aprobaci\u00f3n de una Declaraci\u00f3n en ese \u00f3rgano universal para la protecci\u00f3n de los consumidores del mundo-<\/p>\n\n\n\n<p>Ginebra, Suiza. \u2013 Los representantes de los pa\u00edses que participan en la octava sesi\u00f3n del Grupo Intergubernamental de Expertos (IGE) en Derecho y Pol\u00edticas de la Conferencia de las Naciones Unidas sobre Comercio y Desarrollo (UNCTAD) que se desarrolla en esta ciudad, acogieron la Declaraci\u00f3n sobre resoluci\u00f3n de conflictos transfronterizos y compensaci\u00f3n para consumidores propuesta por Rep\u00fablica Dominicana.<\/p>\n\n\n\n<p>La iniciativa, presentada por Eddy Alc\u00e1ntara en su condici\u00f3n de director ejecutivo de Pro Consumidor y presidente del Foro Iberoamericano de Agencias Gubernamentales de Protecci\u00f3n al Consumidor (FIAGC), fue secundada y motivada por otros pa\u00edses iberoamericanos.<\/p>\n\n\n\n<p>La declaraci\u00f3n busca proteger a las personas consumidoras en comercio transfronterizo de todos los pa\u00edses miembros de las Naciones Unidas.<\/p>\n\n\n\n<p>La Declaraci\u00f3n, que fue secundada por m\u00e1s de una veintena de naciones como Inglaterra, Portugal, Estados Unidos, Francia, Alemania, Costa Rica, El Salvador, Uruguay y otros de las naciones que conforman la Liga \u00c1rabe y aprobada por representantes de los cinco continentes, invita a los Estados miembros de UNCTAD a realizar todos los esfuerzos para establecer y desarrollar mecanismos de resoluci\u00f3n de conflictos y compensaci\u00f3n en casos transfronterizos, estimulando su implementaci\u00f3n y la cooperaci\u00f3n internacional en este sentido, as\u00ed como compartir informaciones sobre este tema.<\/p>\n\n\n\n<p>Al ser presentada la propuesta con miras a buscar soluciones a los problemas que surgen en el comercio transfronterizo, estos pa\u00edses no solamente secundaron y apoyaron esta iniciativa del titular de Pro Consumidor y el FIAGC, sino que adem\u00e1s pidieron crear y generar las discusiones con car\u00e1cter de urgencia \u201cpara encontrar los mecanismos que den lugar a la soluci\u00f3n a estos conflictos\u201d.<\/p>\n\n\n\n<p>Igualmente, llama a las asociaciones de consumidores y a las empresas a tomar parte en esta tarea, colaborando con el desarrollo, el apoyo y la implementaci\u00f3n de estos mecanismos de resoluci\u00f3n de conflictos.<\/p>\n\n\n\n<p>Tambi\u00e9n pide a la UNCTAD que apoye estas iniciativas y que prepare una propuesta para analizar c\u00f3mo implementar las iniciativas planteadas en la Declaraci\u00f3n, que ser\u00e1n presentadas ante la 9\u00ba conferencia ministerial de Revisi\u00f3n de Pol\u00edticas del consumidor que se llevar\u00e1 a cabo el pr\u00f3ximo a\u00f1o.<\/p>\n\n\n\n<p>Debe destacarse, que esta es la primera vez que el IGE aprueba una Declaraci\u00f3n procurando enfrentar de manera conjunta todos los conflictos que se generen entre un proveedor y un consumidor en territorios diferentes.<\/p>\n\n\n\n<p>Asimismo, es la primera vez que el FIAGC consigue que una propuesta salida de su seno sea oficialmente acogida por UNCTAD-ONU como \u00f3rgano de deliberaci\u00f3n universal.<\/p>\n\n\n\n<p>En su intervenci\u00f3n, Alc\u00e1ntara se\u00f1al\u00f3, adem\u00e1s, que se hace necesario conocer e implementar nuevas herramientas para optimizar la labor mediante el fortalecimiento institucional y la potenciaci\u00f3n del impacto de las acciones ejecutadas en favor de los consumidores.<\/p>\n\n\n\n<p>\u201cNecesitamos herramientas que permitan que los consumidores puedan resolver sus conflictos, y esa necesidad debe ser abordada y amparada de manera urgente\u201d, acot\u00f3.<\/p>\n\n\n\n<p>El funcionario dominicano dijo que este problema que se origina en venta o comercio internacional, constituye el principal desaf\u00edo para garantizar una efectiva protecci\u00f3n al consumidor en esta materia.<\/p>\n\n\n\n<p>Alc\u00e1ntara manifest\u00f3, asimismo, que este tipo de negocio, que ha tenido un auge fundamental en los \u00faltimos a\u00f1os, y que se acrecent\u00f3 a ra\u00edz de la pandemia del coronavirus (Covid-19), acapara la mayor\u00eda de las transacciones que se ejecutan universalmente.<\/p>\n\n\n\n<p>Tras la aprobaci\u00f3n de la propuesta, la Rep\u00fablica Dominicana se convierte en el primer pa\u00eds latinoamericano que logra una declaraci\u00f3n que procura sentar la base para la protecci\u00f3n de los consumidores de las naciones del mundo en todo tipo de transici\u00f3n comercial.<\/p>\n","protected":false},"excerpt":{"rendered":"<p>Eddy Alc\u00e1ntara present\u00f3 la propuesta como presidente del Foro Iberoamericano de Agencias Gubernamentales de Protecci\u00f3n al Consumidor&#8211;Es la primera vez en la historia que pa\u00edses de Iberoam\u00e9rica consiguen la aprobaci\u00f3n de una Declaraci\u00f3n en ese \u00f3rgano universal para la protecci\u00f3n de los consumidores del mundo- Ginebra, Suiza. \u2013 Los representantes de los pa\u00edses que participan [&hellip;]<\/p>\n","protected":false},"author":2,"featured_media":68741,"comment_status":"open","ping_status":"open","sticky":false,"template":"","format":"standard","meta":{"footnotes":""},"categories":[44],"tags":[845,939,58],"class_list":{"0":"post-68740","1":"post","2":"type-post","3":"status-publish","4":"format-standard","5":"has-post-thumbnail","7":"category-actualidad","8":"tag-ahora-mas-rd","9":"tag-cada-minuto-una-verdad","10":"tag-republica-dominicana"},"aioseo_notices":[],"amp_enabled":true,"_links":{"self":[{"href":"https:\/\/ahoramasrd.com.do\/index.php?rest_route=\/wp\/v2\/posts\/68740","targetHints":{"allow":["GET"]}}],"collection":[{"href":"https:\/\/ahoramasrd.com.do\/index.php?rest_route=\/wp\/v2\/posts"}],"about":[{"href":"https:\/\/ahoramasrd.com.do\/index.php?rest_route=\/wp\/v2\/types\/post"}],"author":[{"embeddable":true,"href":"https:\/\/ahoramasrd.com.do\/index.php?rest_route=\/wp\/v2\/users\/2"}],"replies":[{"embeddable":true,"href":"https:\/\/ahoramasrd.com.do\/index.php?rest_route=%2Fwp%2Fv2%2Fcomments&post=68740"}],"version-history":[{"count":0,"href":"https:\/\/ahoramasrd.com.do\/index.php?rest_route=\/wp\/v2\/posts\/68740\/revisions"}],"wp:featuredmedia":[{"embeddable":true,"href":"https:\/\/ahoramasrd.com.do\/index.php?rest_route=\/"}],"wp:attachment":[{"href":"https:\/\/ahoramasrd.com.do\/index.php?rest_route=%2Fwp%2Fv2%2Fmedia&parent=68740"}],"wp:term":[{"taxonomy":"category","embeddable":true,"href":"https:\/\/ahoramasrd.com.do\/index.php?rest_route=%2Fwp%2Fv2%2Fcategories&post=68740"},{"taxonomy":"post_tag","embeddable":true,"href":"https:\/\/ahoramasrd.com.do\/index.php?rest_route=%2Fwp%2Fv2%2Ftags&post=68740"}],"curies":[{"name":"wp","href":"https:\/\/api.w.org\/{rel}","templated":true}]}}