{"id":68749,"date":"2024-07-04T13:55:17","date_gmt":"2024-07-04T17:55:17","guid":{"rendered":"https:\/\/ahoramasrd.com.do\/?p=68749"},"modified":"2024-07-04T13:55:18","modified_gmt":"2024-07-04T17:55:18","slug":"ministro-de-defensa-supervisa-la-seguridad-en-la-frontera-entre-republica-dominicana-y-haiti","status":"publish","type":"post","link":"https:\/\/ahoramasrd.com.do\/?p=68749","title":{"rendered":"Ministro de Defensa supervisa la seguridad en la frontera entre Rep\u00fablica Dominicana y Hait\u00ed"},"content":{"rendered":"\n<p>El ministro de Defensa, teniente general Carlos Luciano D\u00edaz Morfa, inicia este jueves un recorrido de supervisi\u00f3n de tres d\u00edas, que abarca las provincias fronterizas entre Rep\u00fablica Dominicana y Hait\u00ed, para supervisar de norte a sur la preparaci\u00f3n operacional de los soldados que protegen la l\u00ednea divisoria entre ambas naciones.<\/p>\n\n\n\n<p>El recorrido se realizar\u00e1 los d\u00edas jueves, viernes y s\u00e1bado de esta semana y, seg\u00fan inform\u00f3 el ministro D\u00edaz Morfa, se inspeccionar\u00e1n las condiciones de los cuarteles militares, puntos de vigilancia y las condiciones de las tropas que trabajan en la zona. Tambi\u00e9n se verificar\u00e1n las operaciones para proteger los espacios soberanos ante cualquier amenaza a la seguridad y defensa nacional.<\/p>\n\n\n\n<p>\"Sabemos que nuestra frontera est\u00e1 bien resguardada de norte a sur por aire, mar y tierra, gracias al trabajo que realizan nuestros hombres y mujeres de nuestras fuerzas y cuerpos especializados de seguridad, queremos respaldar con este recorrido la labor de nuestros soldados\", declar\u00f3 el ministro de Defensa, D\u00edaz Morfa.<\/p>\n\n\n\n<p>El periplo de tres d\u00edas iniciar\u00e1 desde Manzanillo (Pepillo Salcedo), en la provincia Montecristi y abarca las provincias Dajab\u00f3n, El\u00edas Pi\u00f1a, Independencia, Jiman\u00ed y Pedernales. El ministro D\u00edaz Morfa estar\u00e1 acompa\u00f1ado por el director del Cuerpo Especializado de Seguridad Fronteriza Terrestre (Cesfront), general de brigada Freddy R. Soto Thorman; el director de Asuntos Civiles del Estado Mayor Conjunto del MIDE, (J5), general de brigada piloto Juan Carlos Vicente P\u00e9rez; el supervisor general de los servicios de seguridad de la construcci\u00f3n de la verja perimetral inteligente en la l\u00ednea fronteriza terrestre, general de brigada Luis A. Coronado Abreu; y el coronel Dante Luis Ovalle Lugo, en representaci\u00f3n de la direcci\u00f3n de Operaciones del MIDE (J3).<\/p>\n\n\n\n<p>El recorrido iniciar\u00e1 en la pir\u00e1mide #01 ubicada en Montecristi y finalizar\u00e1 en la piramide #311 en la desembocadura del r\u00edo Pedernales, logrando visitar localidades como: El Libertador, Don Miguel, El Tamarindo, La Pe\u00f1ita, Capotillo, Loma de Cabrera, Restauraci\u00f3n, Villa Anacaona, as\u00ed como la Carretera Internacional, Palmita, El Sombrero, Los Cacaos, Pedro Santana, B\u00e1nica, Sabana Cruz, El Guayabal y El Carrizal.<\/p>\n\n\n\n<p>Dentro de los lugares que ser\u00e1n recorridos se encuentran las compa\u00f1\u00edas y destacamentos del Ej\u00e9rcito, entre los cuales figuran: la 25. Compa\u00f1\u00eda en Pedro Santana, el \"Cacique Enriquillo\", Los \"Pinos del Ed\u00e9n\", la sede del 14 Batall\u00f3n de Infanter\u00eda, ubicado en Duverg\u00e9; los \"Arroyos\" \"Don Juan\", Cabeza de Agua, el \"Banano, el \"Paso Sena\".<\/p>\n\n\n\n<p>Tambi\u00e9n, la Ca\u00f1ada Miguel, el Aniceto Mart\u00ednez, el Cacique Enriquillo, Las Lajas, Tierra Nueva, entre otros puntos fronterizos claves.<\/p>\n","protected":false},"excerpt":{"rendered":"<p>El ministro de Defensa, teniente general Carlos Luciano D\u00edaz Morfa, inicia este jueves un recorrido de supervisi\u00f3n de tres d\u00edas, que abarca las provincias fronterizas entre Rep\u00fablica Dominicana y Hait\u00ed, para supervisar de norte a sur la preparaci\u00f3n operacional de los soldados que protegen la l\u00ednea divisoria entre ambas naciones. El recorrido se realizar\u00e1 los [&hellip;]<\/p>\n","protected":false},"author":2,"featured_media":68750,"comment_status":"open","ping_status":"open","sticky":false,"template":"","format":"standard","meta":{"footnotes":""},"categories":[44],"tags":[845,939,58],"class_list":{"0":"post-68749","1":"post","2":"type-post","3":"status-publish","4":"format-standard","5":"has-post-thumbnail","7":"category-actualidad","8":"tag-ahora-mas-rd","9":"tag-cada-minuto-una-verdad","10":"tag-republica-dominicana"},"aioseo_notices":[],"amp_enabled":true,"_links":{"self":[{"href":"https:\/\/ahoramasrd.com.do\/index.php?rest_route=\/wp\/v2\/posts\/68749","targetHints":{"allow":["GET"]}}],"collection":[{"href":"https:\/\/ahoramasrd.com.do\/index.php?rest_route=\/wp\/v2\/posts"}],"about":[{"href":"https:\/\/ahoramasrd.com.do\/index.php?rest_route=\/wp\/v2\/types\/post"}],"author":[{"embeddable":true,"href":"https:\/\/ahoramasrd.com.do\/index.php?rest_route=\/wp\/v2\/users\/2"}],"replies":[{"embeddable":true,"href":"https:\/\/ahoramasrd.com.do\/index.php?rest_route=%2Fwp%2Fv2%2Fcomments&post=68749"}],"version-history":[{"count":0,"href":"https:\/\/ahoramasrd.com.do\/index.php?rest_route=\/wp\/v2\/posts\/68749\/revisions"}],"wp:featuredmedia":[{"embeddable":true,"href":"https:\/\/ahoramasrd.com.do\/index.php?rest_route=\/"}],"wp:attachment":[{"href":"https:\/\/ahoramasrd.com.do\/index.php?rest_route=%2Fwp%2Fv2%2Fmedia&parent=68749"}],"wp:term":[{"taxonomy":"category","embeddable":true,"href":"https:\/\/ahoramasrd.com.do\/index.php?rest_route=%2Fwp%2Fv2%2Fcategories&post=68749"},{"taxonomy":"post_tag","embeddable":true,"href":"https:\/\/ahoramasrd.com.do\/index.php?rest_route=%2Fwp%2Fv2%2Ftags&post=68749"}],"curies":[{"name":"wp","href":"https:\/\/api.w.org\/{rel}","templated":true}]}}