{"id":68755,"date":"2024-07-04T14:06:51","date_gmt":"2024-07-04T18:06:51","guid":{"rendered":"https:\/\/ahoramasrd.com.do\/?p=68755"},"modified":"2024-07-04T14:06:52","modified_gmt":"2024-07-04T18:06:52","slug":"un-preso-de-103-anos-no-puede-ser-enviado-a-su-hogar-por-carecer-de-familia-que-lo-reciba","status":"publish","type":"post","link":"https:\/\/ahoramasrd.com.do\/?p=68755","title":{"rendered":"Un preso de 103 a\u00f1os no puede ser enviado a su hogar por carecer de familia que lo reciba"},"content":{"rendered":"\n<p>Un hombre de 103 a\u00f1os, privado de libertad en Haras Nacionales, no puede ser enviado a su hogar por carecer de familia que lo reciba y la falta de centros geri\u00e1tricos adecuados en el pa\u00eds.<\/p>\n\n\n\n<p>Para la Comisi\u00f3n de C\u00e1rceles de la Defensa P\u00fablica es preocupante la situaci\u00f3n de adultos mayores dentro de los centros penitenciarios del pa\u00eds.<\/p>\n\n\n\n<p>Llam\u00f3 a los jueces de ejecuci\u00f3n de la pena para que consideren de manera humanitaria las solicitudes de cambio de r\u00e9gimen de cumplimiento de pena, dadas las condiciones deplorables de salud en las que se encuentran muchos de los privados de libertad.<\/p>\n\n\n\n<p>Mencion\u00f3 que tambi\u00e9n la comisi\u00f3n ha evaluado los casos de privados de libertad que se encuentran con enfermedades terminales como c\u00e1ncer avanzado, diabetes y VIH con complicaciones pulmonares severas, as\u00ed como un n\u00famero significativo de personas con trastornos mentales que requieren atenci\u00f3n especializada y continua.<\/p>\n\n\n\n<p>Se\u00f1ala que el objetivo de la evaluaci\u00f3n es identificar casos de personas privadas de libertad que, debido a condiciones de salud o avanzada edad, requieren urgentemente ser considerados para excarcelaci\u00f3n.<\/p>\n\n\n\n<p>Recientemente, la Comisi\u00f3n de Derechos Humanos de la C\u00e1mara de Diputados, presidida por el diputado Juan Dionicio Rodr\u00edguez Restituyo, present\u00f3 un proyecto de ley que ha sido complementado con observaciones clave del director de la Oficina Nacional de Defensa P\u00fablica, Rodolfo Valent\u00edn Santos.<\/p>\n\n\n\n<p>Estas observaciones son fundamentales para garantizar una legislaci\u00f3n que responda adecuadamente a las necesidades humanitarias en el sistema penitenciario.<\/p>\n\n\n\n<p>La comisi\u00f3n manifest\u00f3 que en colaboraci\u00f3n con el departamento m\u00e9dico de la Direcci\u00f3n Nacional de Servicios Penitenciarios, se ha realizado un an\u00e1lisis detallado de los casos de personas privadas de libertad que podr\u00edan beneficiarse de una modalidad distinta a la privaci\u00f3n de libertad, dadas sus condiciones de salud.<\/p>\n","protected":false},"excerpt":{"rendered":"<p>Un hombre de 103 a\u00f1os, privado de libertad en Haras Nacionales, no puede ser enviado a su hogar por carecer de familia que lo reciba y la falta de centros geri\u00e1tricos adecuados en el pa\u00eds. Para la Comisi\u00f3n de C\u00e1rceles de la Defensa P\u00fablica es preocupante la situaci\u00f3n de adultos mayores dentro de los centros [&hellip;]<\/p>\n","protected":false},"author":2,"featured_media":68756,"comment_status":"open","ping_status":"open","sticky":false,"template":"","format":"standard","meta":{"footnotes":""},"categories":[44],"tags":[845,939,58],"class_list":{"0":"post-68755","1":"post","2":"type-post","3":"status-publish","4":"format-standard","5":"has-post-thumbnail","7":"category-actualidad","8":"tag-ahora-mas-rd","9":"tag-cada-minuto-una-verdad","10":"tag-republica-dominicana"},"aioseo_notices":[],"amp_enabled":true,"_links":{"self":[{"href":"https:\/\/ahoramasrd.com.do\/index.php?rest_route=\/wp\/v2\/posts\/68755","targetHints":{"allow":["GET"]}}],"collection":[{"href":"https:\/\/ahoramasrd.com.do\/index.php?rest_route=\/wp\/v2\/posts"}],"about":[{"href":"https:\/\/ahoramasrd.com.do\/index.php?rest_route=\/wp\/v2\/types\/post"}],"author":[{"embeddable":true,"href":"https:\/\/ahoramasrd.com.do\/index.php?rest_route=\/wp\/v2\/users\/2"}],"replies":[{"embeddable":true,"href":"https:\/\/ahoramasrd.com.do\/index.php?rest_route=%2Fwp%2Fv2%2Fcomments&post=68755"}],"version-history":[{"count":0,"href":"https:\/\/ahoramasrd.com.do\/index.php?rest_route=\/wp\/v2\/posts\/68755\/revisions"}],"wp:featuredmedia":[{"embeddable":true,"href":"https:\/\/ahoramasrd.com.do\/index.php?rest_route=\/"}],"wp:attachment":[{"href":"https:\/\/ahoramasrd.com.do\/index.php?rest_route=%2Fwp%2Fv2%2Fmedia&parent=68755"}],"wp:term":[{"taxonomy":"category","embeddable":true,"href":"https:\/\/ahoramasrd.com.do\/index.php?rest_route=%2Fwp%2Fv2%2Fcategories&post=68755"},{"taxonomy":"post_tag","embeddable":true,"href":"https:\/\/ahoramasrd.com.do\/index.php?rest_route=%2Fwp%2Fv2%2Ftags&post=68755"}],"curies":[{"name":"wp","href":"https:\/\/api.w.org\/{rel}","templated":true}]}}