{"id":68758,"date":"2024-07-04T16:30:44","date_gmt":"2024-07-04T20:30:44","guid":{"rendered":"https:\/\/ahoramasrd.com.do\/?p=68758"},"modified":"2024-07-04T16:30:45","modified_gmt":"2024-07-04T20:30:45","slug":"adn-saca-cerca-de-60-toneladas-de-desechos-de-monumento-montesino-y-su-playa-reabre-los-parques-del-litoral-del-malecon","status":"publish","type":"post","link":"https:\/\/ahoramasrd.com.do\/?p=68758","title":{"rendered":"ADN saca cerca de 60 toneladas de desechos de monumento Montesino y su playa; reabre los parques del litoral del malec\u00f3n"},"content":{"rendered":"\n<p>Intensifica labores preventivas de limpieza por amenazas de lluvia de una onda tropical<br>Santo Domingo, DN \u2013 La Alcald\u00eda del Distrito limpi\u00f3 el Monumento Fray Antonio de Montesino y su playa, de donde fueron sacadas alrededor de 60 toneladas de desechos, en su mayor\u00eda pl\u00e1sticos. Adem\u00e1s, reabri\u00f3 todos los parques del litoral del malec\u00f3n tras recuperarlos.<\/p>\n\n\n\n<p>Los desechos, que hab\u00edan sido arrastrados incluso desde otras demarcaciones por el fuerte oleaje provocado por el hurac\u00e1n Beryl, comenzaron a ser sacados en la ma\u00f1ana de ayer mi\u00e9rcoles por orden de la alcaldesa Carolina Mej\u00eda.<\/p>\n\n\n\n<p>Gracias a la r\u00e1pida respuesta del cabildo, el monumento, al igual que en otros puntos afectados por el fen\u00f3meno atmosf\u00e9rico, retornaron a la normalidad.<\/p>\n\n\n\n<p>De igual manera, el ayuntamiento contin\u00faa intensificando las limpiezas de imbornales y filtrantes de cara a la amenaza de lluvias que representa la onda tropical 17.<\/p>\n\n\n\n<p>En ese sentido, brigadas de la Alcald\u00eda del Distrito Nacional se mantienen desplegadas en varios puntos para evitar que las lluvias causen inundaciones.<\/p>\n\n\n\n<p>El ayuntamiento ha sido reiterativo en el llamado a toda la ciudadan\u00eda a no sacar las fundas de basuras a los frentes de las casas y a las calles, en momentos en los que el Distrito Nacional se encuentra bajo lluvias, ya que estos desechos pueden ser arrastrados por el agua y obstruir los filtrantes <\/p>\n","protected":false},"excerpt":{"rendered":"<p>Intensifica labores preventivas de limpieza por amenazas de lluvia de una onda tropicalSanto Domingo, DN \u2013 La Alcald\u00eda del Distrito limpi\u00f3 el Monumento Fray Antonio de Montesino y su playa, de donde fueron sacadas alrededor de 60 toneladas de desechos, en su mayor\u00eda pl\u00e1sticos. Adem\u00e1s, reabri\u00f3 todos los parques del litoral del malec\u00f3n tras recuperarlos. [&hellip;]<\/p>\n","protected":false},"author":2,"featured_media":68759,"comment_status":"open","ping_status":"open","sticky":false,"template":"","format":"standard","meta":{"footnotes":""},"categories":[44],"tags":[845,939,58],"class_list":{"0":"post-68758","1":"post","2":"type-post","3":"status-publish","4":"format-standard","5":"has-post-thumbnail","7":"category-actualidad","8":"tag-ahora-mas-rd","9":"tag-cada-minuto-una-verdad","10":"tag-republica-dominicana"},"aioseo_notices":[],"amp_enabled":true,"_links":{"self":[{"href":"https:\/\/ahoramasrd.com.do\/index.php?rest_route=\/wp\/v2\/posts\/68758","targetHints":{"allow":["GET"]}}],"collection":[{"href":"https:\/\/ahoramasrd.com.do\/index.php?rest_route=\/wp\/v2\/posts"}],"about":[{"href":"https:\/\/ahoramasrd.com.do\/index.php?rest_route=\/wp\/v2\/types\/post"}],"author":[{"embeddable":true,"href":"https:\/\/ahoramasrd.com.do\/index.php?rest_route=\/wp\/v2\/users\/2"}],"replies":[{"embeddable":true,"href":"https:\/\/ahoramasrd.com.do\/index.php?rest_route=%2Fwp%2Fv2%2Fcomments&post=68758"}],"version-history":[{"count":0,"href":"https:\/\/ahoramasrd.com.do\/index.php?rest_route=\/wp\/v2\/posts\/68758\/revisions"}],"wp:featuredmedia":[{"embeddable":true,"href":"https:\/\/ahoramasrd.com.do\/index.php?rest_route=\/"}],"wp:attachment":[{"href":"https:\/\/ahoramasrd.com.do\/index.php?rest_route=%2Fwp%2Fv2%2Fmedia&parent=68758"}],"wp:term":[{"taxonomy":"category","embeddable":true,"href":"https:\/\/ahoramasrd.com.do\/index.php?rest_route=%2Fwp%2Fv2%2Fcategories&post=68758"},{"taxonomy":"post_tag","embeddable":true,"href":"https:\/\/ahoramasrd.com.do\/index.php?rest_route=%2Fwp%2Fv2%2Ftags&post=68758"}],"curies":[{"name":"wp","href":"https:\/\/api.w.org\/{rel}","templated":true}]}}