{"id":68761,"date":"2024-07-04T17:13:54","date_gmt":"2024-07-04T21:13:54","guid":{"rendered":"https:\/\/ahoramasrd.com.do\/?p=68761"},"modified":"2024-07-04T17:13:56","modified_gmt":"2024-07-04T21:13:56","slug":"reportan-inundaciones-urbanas-por-onda-tropical","status":"publish","type":"post","link":"https:\/\/ahoramasrd.com.do\/?p=68761","title":{"rendered":"Reportan inundaciones urbanas por onda tropical"},"content":{"rendered":"\n<p>Santo Domingo.- A poca horas de haber iniciado la lluvia debido a una onda tropical por la que hay en estos momentos provincias en alerta, ciudadanos han reportado inundaciones en las principales avenida de Santo Domingo.<\/p>\n\n\n\n<p>Dentro de estas podemos mencionar la avenida Espa\u00f1a, Independencia, George Washington, y la Kennedy.<\/p>\n\n\n\n<p>Gloria Ceballos, directora de la Oficina Nacional de Meteorolog\u00eda, pidi\u00f3 a la poblaci\u00f3n tener precauci\u00f3n.<\/p>\n\n\n\n<p>El COE mantiene 07 provincias y al Distrito Nacional en alerta amarilla y aumenta 12 en verde, debido a que se prev\u00e9 un aumento significativo de la humedad e inestabilidad sobre nuestro territorio, asociado a una activa onda tropical localizada sobre Puerto Rico con bajo potencial cicl\u00f3nico.<\/p>\n\n\n\n<p>Asimismo, a medida que se desplace hacia el oeste\/noroeste acerc\u00e1ndose al pa\u00eds, producir\u00e1 en la tarde y primeras horas de la noche desarrollos nubosos con fuertes actividades de aguaceros, tormentas el\u00e9ctricas y r\u00e1fagas de viento, especialmente en la porci\u00f3n oriental, el litoral costero Caribe\u00f1o, el noreste, Cordillera Central y la zona fronteriza.<\/p>\n\n\n\n<p>Las provincias en alerta amarilla \ud83d\udfe1 son:<\/p>\n\n\n\n<p>Peravia<br>Santo Domingo<br>Distrito Nacional<br>San Crist\u00f3bal<br>La Altagracia<br>San Pedro de Macor\u00eds<br>La Romana<br>Monte Plata<\/p>\n\n\n\n<p>En alerta verde \ud83d\udfe2 est\u00e1n:<\/p>\n\n\n\n<p>Independencia<br>La Vega<br>Monse\u00f1or Nouel<br>San Jos\u00e9 de Ocoa<br>Az\u00faa<br>Bahoruco<br>Barahona<br>S\u00e1nchez Ram\u00edrez<br>Pedernales<br>Hato Mayor<br>Espaillat<br>El Seibo<\/p>\n\n\n\n<p><\/p>\n","protected":false},"excerpt":{"rendered":"<p>Santo Domingo.- A poca horas de haber iniciado la lluvia debido a una onda tropical por la que hay en estos momentos provincias en alerta, ciudadanos han reportado inundaciones en las principales avenida de Santo Domingo. Dentro de estas podemos mencionar la avenida Espa\u00f1a, Independencia, George Washington, y la Kennedy. Gloria Ceballos, directora de la [&hellip;]<\/p>\n","protected":false},"author":2,"featured_media":68762,"comment_status":"open","ping_status":"open","sticky":false,"template":"","format":"standard","meta":{"footnotes":""},"categories":[44],"tags":[845,939,58],"class_list":{"0":"post-68761","1":"post","2":"type-post","3":"status-publish","4":"format-standard","5":"has-post-thumbnail","7":"category-actualidad","8":"tag-ahora-mas-rd","9":"tag-cada-minuto-una-verdad","10":"tag-republica-dominicana"},"aioseo_notices":[],"amp_enabled":true,"_links":{"self":[{"href":"https:\/\/ahoramasrd.com.do\/index.php?rest_route=\/wp\/v2\/posts\/68761","targetHints":{"allow":["GET"]}}],"collection":[{"href":"https:\/\/ahoramasrd.com.do\/index.php?rest_route=\/wp\/v2\/posts"}],"about":[{"href":"https:\/\/ahoramasrd.com.do\/index.php?rest_route=\/wp\/v2\/types\/post"}],"author":[{"embeddable":true,"href":"https:\/\/ahoramasrd.com.do\/index.php?rest_route=\/wp\/v2\/users\/2"}],"replies":[{"embeddable":true,"href":"https:\/\/ahoramasrd.com.do\/index.php?rest_route=%2Fwp%2Fv2%2Fcomments&post=68761"}],"version-history":[{"count":0,"href":"https:\/\/ahoramasrd.com.do\/index.php?rest_route=\/wp\/v2\/posts\/68761\/revisions"}],"wp:featuredmedia":[{"embeddable":true,"href":"https:\/\/ahoramasrd.com.do\/index.php?rest_route=\/"}],"wp:attachment":[{"href":"https:\/\/ahoramasrd.com.do\/index.php?rest_route=%2Fwp%2Fv2%2Fmedia&parent=68761"}],"wp:term":[{"taxonomy":"category","embeddable":true,"href":"https:\/\/ahoramasrd.com.do\/index.php?rest_route=%2Fwp%2Fv2%2Fcategories&post=68761"},{"taxonomy":"post_tag","embeddable":true,"href":"https:\/\/ahoramasrd.com.do\/index.php?rest_route=%2Fwp%2Fv2%2Ftags&post=68761"}],"curies":[{"name":"wp","href":"https:\/\/api.w.org\/{rel}","templated":true}]}}