{"id":68778,"date":"2024-07-05T00:28:08","date_gmt":"2024-07-05T04:28:08","guid":{"rendered":"https:\/\/ahoramasrd.com.do\/?p=68778"},"modified":"2024-07-05T00:28:09","modified_gmt":"2024-07-05T04:28:09","slug":"brigadas-de-la-alcaldia-del-dn-dan-rapida-respuesta-a-efectos-de-las-lluvias-de-las-ultimas-horas","status":"publish","type":"post","link":"https:\/\/ahoramasrd.com.do\/?p=68778","title":{"rendered":"Brigadas de la Alcald\u00eda del DN dan r\u00e1pida respuesta a efectos de las lluvias de las \u00faltimas horas"},"content":{"rendered":"\n<p><strong>Santo Domingo. &#8211; <\/strong>La Alcald\u00eda del Distrito Nacional ha desplegado una gran cantidad de brigadas para mitigar los efectos de las fuertes lluvias que han ca\u00eddo en la capital en las \u00faltimas horas.<\/p>\n\n\n\n<p>Ha sido notable la presencia de los camiones succionadores en varios puntos cr\u00edticos de la ciudad en los que se han producido inundaciones.<\/p>\n\n\n\n<figure class=\"wp-block-image size-large\"><img decoding=\"async\" src=\"https:\/\/www.eyr.com.do\/wp-content\/uploads\/2024\/07\/013df9b7-0012-4c3a-afa1-35a8cbb48ff9-1024x768.jpeg\" alt=\"\" class=\"wp-image-160793\" \/><\/figure>\n\n\n\n<p>El ayuntamiento ha intensificado las labores de limpieza de imbornales y filtrantes como parte de los operativos para hacer frente a las lluvias causadas por una onda tropical por la que tanto el Distrito Nacional como el Gran Santo Domingo han sido colocados bajo alerta roja.<\/p>\n","protected":false},"excerpt":{"rendered":"<p>Santo Domingo. &#8211; La Alcald\u00eda del Distrito Nacional ha desplegado una gran cantidad de brigadas para mitigar los efectos de las fuertes lluvias que han ca\u00eddo en la capital en las \u00faltimas horas. Ha sido notable la presencia de los camiones succionadores en varios puntos cr\u00edticos de la ciudad en los que se han producido [&hellip;]<\/p>\n","protected":false},"author":2,"featured_media":68779,"comment_status":"open","ping_status":"open","sticky":false,"template":"","format":"standard","meta":{"footnotes":""},"categories":[44],"tags":[939,91,58],"class_list":{"0":"post-68778","1":"post","2":"type-post","3":"status-publish","4":"format-standard","5":"has-post-thumbnail","7":"category-actualidad","8":"tag-cada-minuto-una-verdad","9":"tag-gobierno-rd","10":"tag-republica-dominicana"},"aioseo_notices":[],"amp_enabled":true,"_links":{"self":[{"href":"https:\/\/ahoramasrd.com.do\/index.php?rest_route=\/wp\/v2\/posts\/68778","targetHints":{"allow":["GET"]}}],"collection":[{"href":"https:\/\/ahoramasrd.com.do\/index.php?rest_route=\/wp\/v2\/posts"}],"about":[{"href":"https:\/\/ahoramasrd.com.do\/index.php?rest_route=\/wp\/v2\/types\/post"}],"author":[{"embeddable":true,"href":"https:\/\/ahoramasrd.com.do\/index.php?rest_route=\/wp\/v2\/users\/2"}],"replies":[{"embeddable":true,"href":"https:\/\/ahoramasrd.com.do\/index.php?rest_route=%2Fwp%2Fv2%2Fcomments&post=68778"}],"version-history":[{"count":0,"href":"https:\/\/ahoramasrd.com.do\/index.php?rest_route=\/wp\/v2\/posts\/68778\/revisions"}],"wp:featuredmedia":[{"embeddable":true,"href":"https:\/\/ahoramasrd.com.do\/index.php?rest_route=\/"}],"wp:attachment":[{"href":"https:\/\/ahoramasrd.com.do\/index.php?rest_route=%2Fwp%2Fv2%2Fmedia&parent=68778"}],"wp:term":[{"taxonomy":"category","embeddable":true,"href":"https:\/\/ahoramasrd.com.do\/index.php?rest_route=%2Fwp%2Fv2%2Fcategories&post=68778"},{"taxonomy":"post_tag","embeddable":true,"href":"https:\/\/ahoramasrd.com.do\/index.php?rest_route=%2Fwp%2Fv2%2Ftags&post=68778"}],"curies":[{"name":"wp","href":"https:\/\/api.w.org\/{rel}","templated":true}]}}