{"id":68783,"date":"2024-07-05T11:20:08","date_gmt":"2024-07-05T15:20:08","guid":{"rendered":"https:\/\/ahoramasrd.com.do\/?p=68783"},"modified":"2024-07-05T11:20:11","modified_gmt":"2024-07-05T15:20:11","slug":"milton-ray-exhorta-a-proximos-senadores-y-diputados-legislar-apegados-a-constitucion","status":"publish","type":"post","link":"https:\/\/ahoramasrd.com.do\/?p=68783","title":{"rendered":"Milton Ray exhorta a pr\u00f3ximos senadores y diputados legislar apegados a Constituci\u00f3n"},"content":{"rendered":"\n<p>telegram sharing button Compartirwhatsapp sharing button Compartir<br>SANTO DOMINGO. \u2013 El presidente em\u00e9rito del Tribunal Constitucional (TC), Milton Ray Guevara, exhort\u00f3 a los senadores y diputados que se juramentar\u00e1n a partir del pr\u00f3ximo 16 de agosto, a legislar con decencia, dignidad y apegados a la Constituci\u00f3n de la Rep\u00fablica.<\/p>\n\n\n\n<p>Al dictar la conferencia \u201cEl compromiso del legislador en la realidad actual\u201d, Ray Guevara record\u00f3 a los pr\u00f3ximos legisladores que, si act\u00faan apegados a la Constituci\u00f3n, la sociedad va a recibir los beneficios de una buena labor legislativa.<\/p>\n\n\n\n<p>\u201cNo aprueben leyes que choquen con la Constituci\u00f3n de la Rep\u00fablica si tienen dudas, deben aprobar iniciativas que beneficien la carta sustantiva, ya que, por encima de sus partidos, debe estar su compromiso con la naci\u00f3n\u201d enfatiz\u00f3.<\/p>\n\n\n\n<p>El ex presidente del TC, dict\u00f3 una conferencia magistral de cierre, durante el taller de inducci\u00f3n a legisladores electos para el per\u00edodo 2024-2028, realizado en el auditorio okdel Senado, donde participaron otros expositores.<\/p>\n\n\n\n<p>En la actividad, el magistrado Napole\u00f3n Est\u00e9vez Lavandier, el presidente del TC, dict\u00f3 la conferencia \u201cEl Tribunal Constitucional y los fueros de los legisladores\u201d, en la que expuso expuso por qu\u00e9 se le denomina a ese \u00f3rgano extra poder, la jurisdicci\u00f3n privilegiada de la que est\u00e1n revestidos los legisladores y el juicio pol\u00edtico.<\/p>\n\n\n\n<p>Al tocar el fuero de los legisladores, Est\u00e9vez Lavandier consider\u00f3 que se deben regular algunos aspectos y explic\u00f3 que existen jurisdicciones especiales, donde determinadas personas, por raz\u00f3n del cargo p\u00fablico que ocupan, no son juzgadas penalmente por tribunales que el resto de los ciudadanos, sino, dependiendo el caso, por las cortes de apelaci\u00f3n o la Suprema Corte de Justicia (SCJ).<\/p>\n\n\n\n<p>Mientras, que el jurista Nassef Perdomo, disert\u00f3 acerca de la funci\u00f3n del control pol\u00edtico del Congreso Nacional, haciendo \u00e9nfasis en el juicio pol\u00edtico, del que dijo siempre debe hacerse respetando el debido proceso.<\/p>\n\n\n\n<p>En el desarrollo del panel participaron Patricia Santana y Pedro Montilla, quienes abordaron \u201cLa funci\u00f3n normativa, resoluciones, leyes ordinarias y org\u00e1nicas y reforma constitucional\u201d y \u201cLa reserva de ley como concreci\u00f3n de los contenidos constitucionales hacia un impulso de la agenda legislativa\u201d.<\/p>\n\n\n\n<p>Otros panelistas que analizaron las atribuciones constitucionales del Congreso Nacional, fueron Olivo Rodr\u00edguez Huertas, Yudelka Polanco y G\u00e9nesis Bello, quienes adem\u00e1s abordaron la tem\u00e1tica relacionada al Poder Legislativo como \u00f3rgano de control.<\/p>\n\n\n\n<p>En el panel \u201c\u00d3rgano de control\u201d el jurista Olivo Rodr\u00edguez Huertas, abog\u00f3 por el fortalecimiento de la C\u00e1mara de Cuentas a trav\u00e9s de la profesionalizaci\u00f3n de su cuerpo t\u00e9cnico. \u201cQue no est\u00e9 conformado por los que no han conseguido trabajo en el sector privado, sino a trav\u00e9s de un buen sistema de incentivos y de carrera administrativa de inamovilidad se encuentren all\u00ed los mejores auditores del pa\u00eds\u201d.<\/p>\n\n\n\n<p>El tema \u201cFuentes normativas primarias de la actividad congresual\u201d, lo expuso la magistrada Isabel Bonilla relativo sobre la \u201cConstituci\u00f3n como norma en el marco de las funciones congresuales\u201d.<\/p>\n\n\n\n<p>\u201cUn Estado social y democr\u00e1tico de derechos significa que todos los actores deben estar orientados en el ejercicio de sus facultades a procurar un estado de bienestar para el ciudadano\u201d sostuvo.<\/p>\n\n\n\n<p>Jimena Conde abord\u00f3 la \u201cIncidencia del Derecho Internacional en la actividad congresual\u201d, en tanto que Alejandro Pe\u00f1a se refiri\u00f3 a la \u201cNormativa interna de las c\u00e1maras como presupuesto de la actividad congresual\u201d.<\/p>\n\n\n\n<p>En el segundo panel se expuso sobre la \u201cProtecci\u00f3n y control de la actividad congresual\u201d, tema que desarrollaron los constitucionalistas Flavio Dar\u00edo Espinal, Francisco Franco y Crist\u00f3bal Rodr\u00edguez.<\/p>\n\n\n\n<p>La jornada estuvo encabezada por los presidentes del Senado, Ricardo de los Santos; de la C\u00e1mara de Diputados, Alfredo Pacheco; el presidente del Tribunal Constitucional, Napole\u00f3n Estevez Lavandier; y el vicepresidente de FINJUS, Servio Tulio Casta\u00f1os Guzm\u00e1n.<\/p>\n","protected":false},"excerpt":{"rendered":"<p>telegram sharing button Compartirwhatsapp sharing button CompartirSANTO DOMINGO. \u2013 El presidente em\u00e9rito del Tribunal Constitucional (TC), Milton Ray Guevara, exhort\u00f3 a los senadores y diputados que se juramentar\u00e1n a partir del pr\u00f3ximo 16 de agosto, a legislar con decencia, dignidad y apegados a la Constituci\u00f3n de la Rep\u00fablica. Al dictar la conferencia \u201cEl compromiso del [&hellip;]<\/p>\n","protected":false},"author":2,"featured_media":68784,"comment_status":"open","ping_status":"open","sticky":false,"template":"","format":"standard","meta":{"footnotes":""},"categories":[44],"tags":[845,939,58],"class_list":{"0":"post-68783","1":"post","2":"type-post","3":"status-publish","4":"format-standard","5":"has-post-thumbnail","7":"category-actualidad","8":"tag-ahora-mas-rd","9":"tag-cada-minuto-una-verdad","10":"tag-republica-dominicana"},"aioseo_notices":[],"amp_enabled":true,"_links":{"self":[{"href":"https:\/\/ahoramasrd.com.do\/index.php?rest_route=\/wp\/v2\/posts\/68783","targetHints":{"allow":["GET"]}}],"collection":[{"href":"https:\/\/ahoramasrd.com.do\/index.php?rest_route=\/wp\/v2\/posts"}],"about":[{"href":"https:\/\/ahoramasrd.com.do\/index.php?rest_route=\/wp\/v2\/types\/post"}],"author":[{"embeddable":true,"href":"https:\/\/ahoramasrd.com.do\/index.php?rest_route=\/wp\/v2\/users\/2"}],"replies":[{"embeddable":true,"href":"https:\/\/ahoramasrd.com.do\/index.php?rest_route=%2Fwp%2Fv2%2Fcomments&post=68783"}],"version-history":[{"count":0,"href":"https:\/\/ahoramasrd.com.do\/index.php?rest_route=\/wp\/v2\/posts\/68783\/revisions"}],"wp:featuredmedia":[{"embeddable":true,"href":"https:\/\/ahoramasrd.com.do\/index.php?rest_route=\/"}],"wp:attachment":[{"href":"https:\/\/ahoramasrd.com.do\/index.php?rest_route=%2Fwp%2Fv2%2Fmedia&parent=68783"}],"wp:term":[{"taxonomy":"category","embeddable":true,"href":"https:\/\/ahoramasrd.com.do\/index.php?rest_route=%2Fwp%2Fv2%2Fcategories&post=68783"},{"taxonomy":"post_tag","embeddable":true,"href":"https:\/\/ahoramasrd.com.do\/index.php?rest_route=%2Fwp%2Fv2%2Ftags&post=68783"}],"curies":[{"name":"wp","href":"https:\/\/api.w.org\/{rel}","templated":true}]}}