{"id":68792,"date":"2024-07-05T11:30:06","date_gmt":"2024-07-05T15:30:06","guid":{"rendered":"https:\/\/ahoramasrd.com.do\/?p=68792"},"modified":"2024-07-05T11:30:07","modified_gmt":"2024-07-05T15:30:07","slug":"fiscalia-del-distrito-nacional-logra-condena-de-30-anos-contra-el-responsable-de-asesinato-en-el-sector-la-cienega","status":"publish","type":"post","link":"https:\/\/ahoramasrd.com.do\/?p=68792","title":{"rendered":"Fiscal\u00eda del Distrito Nacional logra condena de 30 a\u00f1os contra el responsable de asesinato en el sector La Ci\u00e9nega"},"content":{"rendered":"\n<p>SANTO DOMINGO (Rep\u00fablica Dominicana).- El Segundo Tribunal Colegiado del Distrito Nacional conden\u00f3 a 30 a\u00f1os de prisi\u00f3n a Luis Antonio Fern\u00e1ndez, tras ser declarado culpable de la muerte de Carlos Javier Guzm\u00e1n Bautista, quien fue asesinado a tiros en el sector La Ci\u00e9nega del Distrito Nacional, el 5 de agosto de 2023.<\/p>\n\n\n\n<p>El Ministerio P\u00fablico, representado por las fiscales litigantes adscritas a la Fiscal\u00eda del Distrito Nacional: Elaine Soto Kelly y Yuderky Utate, logr\u00f3 incorporar las pruebas materiales, testimoniales y periciales que contribuyeron a la condena en contra de Lis Antonio Fern\u00e1ndez, la cual deber\u00e1 cumplir en el Centro Penitenciario de La Victoria.<\/p>\n\n\n\n<p>De acuerdo al fiscal investigador Luis Taveras, Fern\u00e1ndez, se asoci\u00f3 con los nombrados Richardson Jon Mendez y otros identificados como \u201cEl Gallo\u201d, \u201cNini Nini\u201d, \u201cNino\u201d, \u201cGungun\u201d y \u201cDavicito\u201d (a\u00fan pr\u00f3fugos) y el 5 de agosto del a\u00f1o 2023, siendo aproximadamente las 11:53 de la noche, asesinaron a Carlos Javier Guzm\u00e1n Bautista, caus\u00e1ndole m\u00faltiples heridas de arma de fuego.<\/p>\n\n\n\n<p>El hecho ocurri\u00f3 cuando Guzm\u00e1n Bautista, se despidi\u00f3 de su hermana Claudina Guzm\u00e1n Bautista. De camino a su casa, fue emboscado por el condenado, quien junto a sus c\u00f3mplices, armados, le dispararon sin mediar palabras. Dicho acto fue presenciado por testigos aportados por el Ministerio P\u00fablico.<\/p>\n\n\n\n<p>Posteriormente, Fern\u00e1ndez, y sus c\u00f3mplices se reunieron y les realizaron m\u00faltiples disparos adicionales a la v\u00edctima y huyeron de la escena del crimen.<\/p>\n\n\n\n<p>El Instituto Nacional de Ciencias Forenses (INACIF) determin\u00f3 en su autopsia que Guzm\u00e1n Bautista muri\u00f3 a causa de una hemorragia interna por laceraci\u00f3n del coraz\u00f3n, provocada por una de las heridas de proyectil de arma de fuego.<\/p>\n\n\n\n<p>La conducta de Fern\u00e1ndez fue tipificada como asociaci\u00f3n de malhechores, para cometer asesinato, haciendo uso de arma de fuergo ilegal, en violaci\u00f3n a los art\u00edculos 265, 266, 295, 296, 297, 298 y 302 del C\u00f3digo Penal Dominicano. As\u00ed como los art\u00edculos 66 y 67 de la Ley 631-16 para el Control y Regularizaci\u00f3n de Armas, Municiones y Materiales Relacionados.<\/p>\n\n\n\n<p><\/p>\n","protected":false},"excerpt":{"rendered":"<p>SANTO DOMINGO (Rep\u00fablica Dominicana).- El Segundo Tribunal Colegiado del Distrito Nacional conden\u00f3 a 30 a\u00f1os de prisi\u00f3n a Luis Antonio Fern\u00e1ndez, tras ser declarado culpable de la muerte de Carlos Javier Guzm\u00e1n Bautista, quien fue asesinado a tiros en el sector La Ci\u00e9nega del Distrito Nacional, el 5 de agosto de 2023. El Ministerio P\u00fablico, [&hellip;]<\/p>\n","protected":false},"author":2,"featured_media":68793,"comment_status":"open","ping_status":"open","sticky":false,"template":"","format":"standard","meta":{"footnotes":""},"categories":[44],"tags":[845,939,58],"class_list":{"0":"post-68792","1":"post","2":"type-post","3":"status-publish","4":"format-standard","5":"has-post-thumbnail","7":"category-actualidad","8":"tag-ahora-mas-rd","9":"tag-cada-minuto-una-verdad","10":"tag-republica-dominicana"},"aioseo_notices":[],"amp_enabled":true,"_links":{"self":[{"href":"https:\/\/ahoramasrd.com.do\/index.php?rest_route=\/wp\/v2\/posts\/68792","targetHints":{"allow":["GET"]}}],"collection":[{"href":"https:\/\/ahoramasrd.com.do\/index.php?rest_route=\/wp\/v2\/posts"}],"about":[{"href":"https:\/\/ahoramasrd.com.do\/index.php?rest_route=\/wp\/v2\/types\/post"}],"author":[{"embeddable":true,"href":"https:\/\/ahoramasrd.com.do\/index.php?rest_route=\/wp\/v2\/users\/2"}],"replies":[{"embeddable":true,"href":"https:\/\/ahoramasrd.com.do\/index.php?rest_route=%2Fwp%2Fv2%2Fcomments&post=68792"}],"version-history":[{"count":0,"href":"https:\/\/ahoramasrd.com.do\/index.php?rest_route=\/wp\/v2\/posts\/68792\/revisions"}],"wp:featuredmedia":[{"embeddable":true,"href":"https:\/\/ahoramasrd.com.do\/index.php?rest_route=\/"}],"wp:attachment":[{"href":"https:\/\/ahoramasrd.com.do\/index.php?rest_route=%2Fwp%2Fv2%2Fmedia&parent=68792"}],"wp:term":[{"taxonomy":"category","embeddable":true,"href":"https:\/\/ahoramasrd.com.do\/index.php?rest_route=%2Fwp%2Fv2%2Fcategories&post=68792"},{"taxonomy":"post_tag","embeddable":true,"href":"https:\/\/ahoramasrd.com.do\/index.php?rest_route=%2Fwp%2Fv2%2Ftags&post=68792"}],"curies":[{"name":"wp","href":"https:\/\/api.w.org\/{rel}","templated":true}]}}