{"id":68798,"date":"2024-07-05T12:12:17","date_gmt":"2024-07-05T16:12:17","guid":{"rendered":"https:\/\/ahoramasrd.com.do\/?p=68798"},"modified":"2024-07-05T12:12:18","modified_gmt":"2024-07-05T16:12:18","slug":"corriente-juan-pablo-duarte-solicita-reparacion-y-mantenimiento-de-cientos-de-escuelas-del-pais","status":"publish","type":"post","link":"https:\/\/ahoramasrd.com.do\/?p=68798","title":{"rendered":"Corriente Juan Pablo Duarte solicita reparaci\u00f3n y mantenimiento de cientos de escuelas del pa\u00eds"},"content":{"rendered":"\n<p>Maestros aseguran falta de<br>aulas afecta desempe\u00f1o de escuelas p\u00fablicas, piden concluir construcci\u00f3n de centros.<br>La Corriente Magisterial Juan Pablo Duarte hizo un llamado este viernes al Ministerio de Educaci\u00f3n para que, de cara al inicio del pr\u00f3ximo a\u00f1o escolar, profundice los trabajos de mantenimiento y reparaci\u00f3n de las escuelas p\u00fablicas del pa\u00eds, adem\u00e1s de concluir la construcci\u00f3n de decenas de centros pendientes de entrega.<\/p>\n\n\n\n<p>En representaci\u00f3n de la corriente, el profesor Miguel \u00c1ngel Fern\u00e1ndez explic\u00f3 que la planta f\u00edsica, los ba\u00f1os, las aulas y otros espacios docentes de cientos de escuelas del pa\u00eds se encuentran en condiciones cr\u00edticas, no aptas para recibir a estudiantes y maestros en el a\u00f1o escolar que inicia en agosto.<\/p>\n\n\n\n<p>\u201cLa educaci\u00f3n es un sistema y para garantizar el \u00e9xito de la ense\u00f1anza es indispensable contar con un ambiente organizado, limpio, seguro y estable. \u201cEl bienestar de la escuela y de sus instalaciones es indispensable para poder avanzar en los indicadores educativos del pa\u00eds y del magisterio\u201d, declar\u00f3 Fern\u00e1ndez en un encuentro organizativo de la Corriente Magisterial Juan Pablo Duarte.<\/p>\n\n\n\n<p>Entrega de centros en construcci\u00f3n<\/p>\n\n\n\n<p>La Corriente Magisterial Juan Pablo Duarte consider\u00f3 que el periodo de vacaciones es ideal para que el gobierno y el Ministerio de Educaci\u00f3n terminen la entrega de los centros educativos en proceso de construcci\u00f3n hace a\u00f1os.<br>En la actualidad, dijo el profesor Miguel \u00c1ngel Fern\u00e1ndez, el magisterio y los estudiantes padecen profundas complicaciones por la falta de aulas.<br>\u201cSolicitamos que se agilice la entrega de aquellos centros que est\u00e1n en etapa final de construcci\u00f3n. En todas las regionales tenemos problemas de sobrepoblaci\u00f3n, por lo que esas obras deben ser una prioridad del ministerio para su entrega antes del nuevo a\u00f1o escolar\u201d, dijo Fern\u00e1ndez.<\/p>\n\n\n\n<p>La Corriente Magisterial Juan Pablo Duarte celebr\u00f3 este viernes en el Distrito Nacional una reuni\u00f3n de su Comit\u00e9 Nacional, de cara a la organizaci\u00f3n de su participaci\u00f3n en las pr\u00f3ximas elecciones de la Asociaci\u00f3n Dominicana de Profesores (ADP).<\/p>\n","protected":false},"excerpt":{"rendered":"<p>Maestros aseguran falta deaulas afecta desempe\u00f1o de escuelas p\u00fablicas, piden concluir construcci\u00f3n de centros.La Corriente Magisterial Juan Pablo Duarte hizo un llamado este viernes al Ministerio de Educaci\u00f3n para que, de cara al inicio del pr\u00f3ximo a\u00f1o escolar, profundice los trabajos de mantenimiento y reparaci\u00f3n de las escuelas p\u00fablicas del pa\u00eds, adem\u00e1s de concluir la [&hellip;]<\/p>\n","protected":false},"author":2,"featured_media":68799,"comment_status":"open","ping_status":"open","sticky":false,"template":"","format":"standard","meta":{"footnotes":""},"categories":[44],"tags":[845,939,58],"class_list":{"0":"post-68798","1":"post","2":"type-post","3":"status-publish","4":"format-standard","5":"has-post-thumbnail","7":"category-actualidad","8":"tag-ahora-mas-rd","9":"tag-cada-minuto-una-verdad","10":"tag-republica-dominicana"},"aioseo_notices":[],"amp_enabled":true,"_links":{"self":[{"href":"https:\/\/ahoramasrd.com.do\/index.php?rest_route=\/wp\/v2\/posts\/68798","targetHints":{"allow":["GET"]}}],"collection":[{"href":"https:\/\/ahoramasrd.com.do\/index.php?rest_route=\/wp\/v2\/posts"}],"about":[{"href":"https:\/\/ahoramasrd.com.do\/index.php?rest_route=\/wp\/v2\/types\/post"}],"author":[{"embeddable":true,"href":"https:\/\/ahoramasrd.com.do\/index.php?rest_route=\/wp\/v2\/users\/2"}],"replies":[{"embeddable":true,"href":"https:\/\/ahoramasrd.com.do\/index.php?rest_route=%2Fwp%2Fv2%2Fcomments&post=68798"}],"version-history":[{"count":0,"href":"https:\/\/ahoramasrd.com.do\/index.php?rest_route=\/wp\/v2\/posts\/68798\/revisions"}],"wp:featuredmedia":[{"embeddable":true,"href":"https:\/\/ahoramasrd.com.do\/index.php?rest_route=\/"}],"wp:attachment":[{"href":"https:\/\/ahoramasrd.com.do\/index.php?rest_route=%2Fwp%2Fv2%2Fmedia&parent=68798"}],"wp:term":[{"taxonomy":"category","embeddable":true,"href":"https:\/\/ahoramasrd.com.do\/index.php?rest_route=%2Fwp%2Fv2%2Fcategories&post=68798"},{"taxonomy":"post_tag","embeddable":true,"href":"https:\/\/ahoramasrd.com.do\/index.php?rest_route=%2Fwp%2Fv2%2Ftags&post=68798"}],"curies":[{"name":"wp","href":"https:\/\/api.w.org\/{rel}","templated":true}]}}