{"id":68813,"date":"2024-07-05T14:11:42","date_gmt":"2024-07-05T18:11:42","guid":{"rendered":"https:\/\/ahoramasrd.com.do\/?p=68813"},"modified":"2024-07-05T14:11:44","modified_gmt":"2024-07-05T18:11:44","slug":"obispos-clausuran-62-asamblea-plenaria","status":"publish","type":"post","link":"https:\/\/ahoramasrd.com.do\/?p=68813","title":{"rendered":"Obispos clausuran 62\u00b0 Asamblea Plenaria"},"content":{"rendered":"\n<p>telegram sharing button Compartirwhatsapp sharing button Compartir<br>Eval\u00faan acciones pastorales y situaci\u00f3n del pa\u00eds<\/p>\n\n\n\n<p>Santo Domingo.- La Conferencia del Episcopado Dominicano (CED) realiz\u00f3 su 62\u00b0 Asamblea Plenaria, con el prop\u00f3sito de evaluar las acciones pastorales realizadas en las 11 di\u00f3cesis, en el ordinariato castrense, y en los organismos que forman parte de la CED: el Instituto Nacional de Pastoral, la Pontificia Universidad Cat\u00f3lica Madre y Maestra (PUCMM), el Seminario Pontificio Santo Tom\u00e1s de Aquino y el Seminario Proped\u00e9utico San P\u00edo X, as\u00ed como el plan trienal institucional.<\/p>\n\n\n\n<p>Durante la jornada, que inici\u00f3 el domingo 30 de junio y concluy\u00f3 el viernes 05 de julio, los obispos se mantuvieron en oraci\u00f3n, de manera especial, por la aprobaci\u00f3n de un C\u00f3digo Penal que respete la Constituci\u00f3n y los valores que identifican a los dominicanos. Asimismo, reflexionaron sobre la situaci\u00f3n del pa\u00eds, pidiendo a Dios que contin\u00fae iluminando a las autoridades para que sus gestiones contribuyan a la b\u00fasqueda del bien com\u00fan.<\/p>\n\n\n\n<p>Monse\u00f1or H\u00e9ctor Rodr\u00edguez, arzobispo metropolitano de Santiago de los Caballeros y presidente de la CED, se\u00f1al\u00f3 que durante la asamblea los obispos permanecieron atentos al paso del hurac\u00e1n Beryl, uni\u00e9ndose en solidaridad a los pa\u00edses que han sido afectados. En otro orden,refiri\u00e9ndose a la onda tropical que actualmente afecta al pa\u00eds, hizo un llamado a los organismos de emergencia y a los ciudadanos para quetomen las medidas necesarias ante estos fen\u00f3menos atmosf\u00e9ricos.<\/p>\n\n\n\n<p>En la homil\u00eda de la misa de clausura, Mons. Rodr\u00edguez resalt\u00f3 la importancia de la \u201cdefensa de la dignidad humana y la vida\u201d como uno de los aspectos fundamentales de las acciones pastorales de la Iglesia, invitando a los prelados a \u201cfijar la atenci\u00f3n a los ambientes donde se irrespeta la dignidad del ser humano, ya que el cuidado de Dios, su atenci\u00f3n y acogida est\u00e1 presente ah\u00ed donde la vida est\u00e1 amenazada\u201d.<\/p>\n\n\n\n<p>De igual manera, exhort\u00f3 a los obispos a permanecer \u201cfieles a la misi\u00f3n, al estilo de Jes\u00fas\u201d, para responder con esperanza a los desaf\u00edos que enfrenta la Iglesia cat\u00f3lica en la Rep\u00fablica Dominicana, entre ellos: \u201cfomentar una cultura de defensa, cuidado, protecci\u00f3n de menores y personas vulnerables; la transparencia y responsabilidad, la pobreza y la desigualdad; la secularizaci\u00f3n, y la reforma sinodal de la Iglesia\u201d.<\/p>\n\n\n\n<p>En este encuentro, como un signo de unidad, los obispos recibieron al Cardenal Nicol\u00e1s de Jes\u00fas L\u00f3pez Rodr\u00edguez, arzobispo em\u00e9rito de Santo Domingo; quienes en un clima de fraternidad y comuni\u00f3n compartieron un tiempo de calidez. Durante la Asamblea Plenaria el Episcopadotambi\u00e9n recibi\u00f3 la visita de Ricardo Grzona, presidente de la Fundaci\u00f3n Ram\u00f3n Pan\u00e9; representantes de la Red Eclesial Latinoamericana y Caribe\u00f1a de Migraci\u00f3n, Desplazamiento, Refugio y Trata de Personas(Red CLAMOR); Jes\u00fas V\u00e1squez, ministro de Interior y Polic\u00eda, y la del mayor general Ram\u00f3n Antonio Guzm\u00e1n Peralta, director de la Polic\u00eda Nacional.<\/p>\n","protected":false},"excerpt":{"rendered":"<p>telegram sharing button Compartirwhatsapp sharing button CompartirEval\u00faan acciones pastorales y situaci\u00f3n del pa\u00eds Santo Domingo.- La Conferencia del Episcopado Dominicano (CED) realiz\u00f3 su 62\u00b0 Asamblea Plenaria, con el prop\u00f3sito de evaluar las acciones pastorales realizadas en las 11 di\u00f3cesis, en el ordinariato castrense, y en los organismos que forman parte de la CED: el Instituto [&hellip;]<\/p>\n","protected":false},"author":2,"featured_media":68814,"comment_status":"open","ping_status":"open","sticky":false,"template":"","format":"standard","meta":{"footnotes":""},"categories":[44],"tags":[845,939,58],"class_list":{"0":"post-68813","1":"post","2":"type-post","3":"status-publish","4":"format-standard","5":"has-post-thumbnail","7":"category-actualidad","8":"tag-ahora-mas-rd","9":"tag-cada-minuto-una-verdad","10":"tag-republica-dominicana"},"aioseo_notices":[],"amp_enabled":true,"_links":{"self":[{"href":"https:\/\/ahoramasrd.com.do\/index.php?rest_route=\/wp\/v2\/posts\/68813","targetHints":{"allow":["GET"]}}],"collection":[{"href":"https:\/\/ahoramasrd.com.do\/index.php?rest_route=\/wp\/v2\/posts"}],"about":[{"href":"https:\/\/ahoramasrd.com.do\/index.php?rest_route=\/wp\/v2\/types\/post"}],"author":[{"embeddable":true,"href":"https:\/\/ahoramasrd.com.do\/index.php?rest_route=\/wp\/v2\/users\/2"}],"replies":[{"embeddable":true,"href":"https:\/\/ahoramasrd.com.do\/index.php?rest_route=%2Fwp%2Fv2%2Fcomments&post=68813"}],"version-history":[{"count":0,"href":"https:\/\/ahoramasrd.com.do\/index.php?rest_route=\/wp\/v2\/posts\/68813\/revisions"}],"wp:featuredmedia":[{"embeddable":true,"href":"https:\/\/ahoramasrd.com.do\/index.php?rest_route=\/"}],"wp:attachment":[{"href":"https:\/\/ahoramasrd.com.do\/index.php?rest_route=%2Fwp%2Fv2%2Fmedia&parent=68813"}],"wp:term":[{"taxonomy":"category","embeddable":true,"href":"https:\/\/ahoramasrd.com.do\/index.php?rest_route=%2Fwp%2Fv2%2Fcategories&post=68813"},{"taxonomy":"post_tag","embeddable":true,"href":"https:\/\/ahoramasrd.com.do\/index.php?rest_route=%2Fwp%2Fv2%2Ftags&post=68813"}],"curies":[{"name":"wp","href":"https:\/\/api.w.org\/{rel}","templated":true}]}}