{"id":68823,"date":"2024-07-05T17:21:56","date_gmt":"2024-07-05T21:21:56","guid":{"rendered":"https:\/\/ahoramasrd.com.do\/?p=68823"},"modified":"2024-07-05T17:21:58","modified_gmt":"2024-07-05T21:21:58","slug":"inician-reconstruccion-del-malecon-santo-domingo-este-tras-efectos-de-huracan-beryl","status":"publish","type":"post","link":"https:\/\/ahoramasrd.com.do\/?p=68823","title":{"rendered":"Inician reconstrucci\u00f3n del Malec\u00f3n Santo Domingo Este tras efectos de hurac\u00e1n Beryl"},"content":{"rendered":"\n<p>Santo Domingo Este.- El alcalde D\u00edo Astacio recibi\u00f3 este viernes al ministro de Turismo, David Collado, quienes realizaron un recorrido por la Avenida Espa\u00f1a para supervisar los da\u00f1os causados por las fuertes lluvias registradas en el pa\u00eds tras el paso del hurac\u00e1n Beryl.<\/p>\n\n\n\n<p>Durante el recorrido conversaron sobre la reparci\u00f3n del Malec\u00f3n de Santo Domingo Este, una labor que se realizar\u00e1 en conjunto entre ambas entidades, con apoyo del sector privado, quienes trabajar\u00e1n en la reconstrucci\u00f3n del espacio que impacta de manera directa en el esparcimiento y recreaci\u00f3n de residentes y turistas que visitan el municipio.<\/p>\n\n\n\n<p>El alcalde D\u00edo Astacio destac\u00f3 la importancia del encuentro ya que permiti\u00f3 revisar las situaciones que pueden pasar y que se pueden resolverse a tiempo.<\/p>\n\n\n\n<p>\u201cSe inicia la reconstrucci\u00f3n del Malec\u00f3n Santo Domingo Este, con el apoyo de la Alcald\u00eda y el sector privado est\u00e1n procediendo a recuperar las \u00e1reas afectadas por el hurac\u00e1n Beryl y la propuesta es que todo va a terminar y se va a poner exactamente como estaba\u201d, inform\u00f3 Astacio.<\/p>\n\n\n\n<p>Mientras, el ministro Collado explic\u00f3 que desde tempranas horas hay equipos pesados, trabajadores limpiando todo el malec\u00f3n, sacando escombros con el aporte del sector privado.<\/p>\n\n\n\n<p>\u201cTocamos puertas para hacerlo r\u00e1pido, ya que con la ley de Compra y Contrataciones es imposible hacer un proceso en un d\u00eda, pero nosotros vamos a dejar el Malec\u00f3n tal y como estaba antes de la tormenta\u201d, asegur\u00f3 Collado.<\/p>\n\n\n\n<p>De acuerdo a urbanistas presentes, los da\u00f1os pueden repararse a la mayor brevedad posible, ya que se trata de reorganizar y construir algunos caminos destruidos por las olas del Mar que flu\u00edan de manera lateral golpeando el lugar muy fuerte, que provoc\u00f3 que se levantar\u00e1 parte del asfalto.<\/p>\n\n\n\n<p>El Malec\u00f3n de Santo Domingo Este ocupa unos 2.3 kil\u00f3metros en el litoral marino del municipio, est\u00e1 compuesto por un \u00e1rea de 118,541.34 metros cuadrados convertido en parque natural con una divisi\u00f3n de 7 \u00e1reas de esparcimiento y siete \u00e1reas de estacionamiento con capacidad para aparcar 264 veh\u00edculos.<\/p>\n","protected":false},"excerpt":{"rendered":"<p>Santo Domingo Este.- El alcalde D\u00edo Astacio recibi\u00f3 este viernes al ministro de Turismo, David Collado, quienes realizaron un recorrido por la Avenida Espa\u00f1a para supervisar los da\u00f1os causados por las fuertes lluvias registradas en el pa\u00eds tras el paso del hurac\u00e1n Beryl. Durante el recorrido conversaron sobre la reparci\u00f3n del Malec\u00f3n de Santo Domingo [&hellip;]<\/p>\n","protected":false},"author":2,"featured_media":68825,"comment_status":"open","ping_status":"open","sticky":false,"template":"","format":"standard","meta":{"footnotes":""},"categories":[44],"tags":[845,939,58],"class_list":{"0":"post-68823","1":"post","2":"type-post","3":"status-publish","4":"format-standard","5":"has-post-thumbnail","7":"category-actualidad","8":"tag-ahora-mas-rd","9":"tag-cada-minuto-una-verdad","10":"tag-republica-dominicana"},"aioseo_notices":[],"amp_enabled":true,"_links":{"self":[{"href":"https:\/\/ahoramasrd.com.do\/index.php?rest_route=\/wp\/v2\/posts\/68823","targetHints":{"allow":["GET"]}}],"collection":[{"href":"https:\/\/ahoramasrd.com.do\/index.php?rest_route=\/wp\/v2\/posts"}],"about":[{"href":"https:\/\/ahoramasrd.com.do\/index.php?rest_route=\/wp\/v2\/types\/post"}],"author":[{"embeddable":true,"href":"https:\/\/ahoramasrd.com.do\/index.php?rest_route=\/wp\/v2\/users\/2"}],"replies":[{"embeddable":true,"href":"https:\/\/ahoramasrd.com.do\/index.php?rest_route=%2Fwp%2Fv2%2Fcomments&post=68823"}],"version-history":[{"count":0,"href":"https:\/\/ahoramasrd.com.do\/index.php?rest_route=\/wp\/v2\/posts\/68823\/revisions"}],"wp:featuredmedia":[{"embeddable":true,"href":"https:\/\/ahoramasrd.com.do\/index.php?rest_route=\/"}],"wp:attachment":[{"href":"https:\/\/ahoramasrd.com.do\/index.php?rest_route=%2Fwp%2Fv2%2Fmedia&parent=68823"}],"wp:term":[{"taxonomy":"category","embeddable":true,"href":"https:\/\/ahoramasrd.com.do\/index.php?rest_route=%2Fwp%2Fv2%2Fcategories&post=68823"},{"taxonomy":"post_tag","embeddable":true,"href":"https:\/\/ahoramasrd.com.do\/index.php?rest_route=%2Fwp%2Fv2%2Ftags&post=68823"}],"curies":[{"name":"wp","href":"https:\/\/api.w.org\/{rel}","templated":true}]}}