{"id":70293,"date":"2024-08-16T16:16:19","date_gmt":"2024-08-16T20:16:19","guid":{"rendered":"https:\/\/ahoramasrd.com.do\/?p=70293"},"modified":"2024-08-16T16:16:21","modified_gmt":"2024-08-16T20:16:21","slug":"victor-daza-saluda-discurso-del-presidente-luis-abinader-a-favor-reformas-municipales","status":"publish","type":"post","link":"https:\/\/ahoramasrd.com.do\/?p=70293","title":{"rendered":"V\u00edctor D\u00b4Aza saluda discurso del presidente Luis Abinader a favor reformas municipales"},"content":{"rendered":"\n<p>El presidente de la Liga Municipal Dominicana (LMD), V\u00edctor D\u00b4Aza saluda que el presidente de la Rep\u00fablica, Luis Abinader, destacara durante su discurso de toma de posesi\u00f3n, el aumento de las asignaciones presupuestarias a los gobiernos locales como una de las l\u00edneas de trabajo para los pr\u00f3ximos 4 a\u00f1os de gobierno.<\/p>\n\n\n\n<p>El jefe de Estado sostuvo en su discurso que una parte de los recursos que se capten de la reforma fiscal que someter\u00e1 ser\u00e1n destinados a \u201caumentar las asignaciones presupuestarias de nuestros ayuntamientos, para que puedan mejorar los trabajos de recogida de basura y ejecutar las obras demandadas por sus mun\u00edcipes\u201d.<\/p>\n\n\n\n<p>D\u00b4Aza record\u00f3 que el presidente Abinader ha afirmado que en este nuevo periodo se abre la oportunidad de abrir una \u201cnueva era de la municipalidad\u201d para hacer efectivas todas aquellas reformas requeridas que garanticen el fortalecimiento de los gobiernos y su rol efectivo para promover el desarrollo en los territorios.<\/p>\n\n\n\n<p>Dijo que desde la Liga Municipal se contribuir\u00e1 a impulsar todas esas reformas que consolidar\u00e1n el proceso de transformaci\u00f3n municipal, iniciado en los \u00faltimos cuatro a\u00f1os con el apoyo decidido y sostenido del presidente Luis Abinader.<\/p>\n","protected":false},"excerpt":{"rendered":"<p>El presidente de la Liga Municipal Dominicana (LMD), V\u00edctor D\u00b4Aza saluda que el presidente de la Rep\u00fablica, Luis Abinader, destacara durante su discurso de toma de posesi\u00f3n, el aumento de las asignaciones presupuestarias a los gobiernos locales como una de las l\u00edneas de trabajo para los pr\u00f3ximos 4 a\u00f1os de gobierno. El jefe de Estado [&hellip;]<\/p>\n","protected":false},"author":2,"featured_media":70294,"comment_status":"open","ping_status":"open","sticky":false,"template":"","format":"standard","meta":{"footnotes":""},"categories":[44],"tags":[845,939,58],"class_list":{"0":"post-70293","1":"post","2":"type-post","3":"status-publish","4":"format-standard","5":"has-post-thumbnail","7":"category-actualidad","8":"tag-ahora-mas-rd","9":"tag-cada-minuto-una-verdad","10":"tag-republica-dominicana"},"aioseo_notices":[],"amp_enabled":true,"_links":{"self":[{"href":"https:\/\/ahoramasrd.com.do\/index.php?rest_route=\/wp\/v2\/posts\/70293","targetHints":{"allow":["GET"]}}],"collection":[{"href":"https:\/\/ahoramasrd.com.do\/index.php?rest_route=\/wp\/v2\/posts"}],"about":[{"href":"https:\/\/ahoramasrd.com.do\/index.php?rest_route=\/wp\/v2\/types\/post"}],"author":[{"embeddable":true,"href":"https:\/\/ahoramasrd.com.do\/index.php?rest_route=\/wp\/v2\/users\/2"}],"replies":[{"embeddable":true,"href":"https:\/\/ahoramasrd.com.do\/index.php?rest_route=%2Fwp%2Fv2%2Fcomments&post=70293"}],"version-history":[{"count":0,"href":"https:\/\/ahoramasrd.com.do\/index.php?rest_route=\/wp\/v2\/posts\/70293\/revisions"}],"wp:featuredmedia":[{"embeddable":true,"href":"https:\/\/ahoramasrd.com.do\/index.php?rest_route=\/"}],"wp:attachment":[{"href":"https:\/\/ahoramasrd.com.do\/index.php?rest_route=%2Fwp%2Fv2%2Fmedia&parent=70293"}],"wp:term":[{"taxonomy":"category","embeddable":true,"href":"https:\/\/ahoramasrd.com.do\/index.php?rest_route=%2Fwp%2Fv2%2Fcategories&post=70293"},{"taxonomy":"post_tag","embeddable":true,"href":"https:\/\/ahoramasrd.com.do\/index.php?rest_route=%2Fwp%2Fv2%2Ftags&post=70293"}],"curies":[{"name":"wp","href":"https:\/\/api.w.org\/{rel}","templated":true}]}}