{"id":70730,"date":"2024-09-02T19:38:00","date_gmt":"2024-09-02T23:38:00","guid":{"rendered":"https:\/\/ahoramasrd.com.do\/?p=70730"},"modified":"2024-09-02T19:38:01","modified_gmt":"2024-09-02T23:38:01","slug":"tiroteo-en-colmado-de-san-francisco-de-macoris-deja-un-muerto-y-cuatro-heridos","status":"publish","type":"post","link":"https:\/\/ahoramasrd.com.do\/?p=70730","title":{"rendered":"Tiroteo en colmado de San Francisco de Macor\u00eds deja un muerto y cuatro heridos"},"content":{"rendered":"\n<p>Un tiroteo en un colmado en San Francisco de Macor\u00eds dej\u00f3 una persona muerta y cuatro heridas la tarde de este lunes.<\/p>\n\n\n\n<p>El incidente ocurri\u00f3 en la bodega Junior, ubicada en el sector Santa Ana, cuando un agente policial abri\u00f3 fuego durante una acalorada discusi\u00f3n.<\/p>\n\n\n\n<p>Seg\u00fan las informaciones, el agresor dispar\u00f3 contra varias personas antes de quitarse la vida. Al lugar del suceso llegaron decenas de curiosos y agentes de la polic\u00eda, quienes realizaron el levantamiento de evidencias para investigar el caso.<\/p>\n\n\n\n<p>Los heridos fueron trasladados a un centro de salud cercano, y se espera la divulgaci\u00f3n de m\u00e1s detalles en un informe oficial. Este tr\u00e1gico evento ha conmocionado a la comunidad local.<\/p>\n","protected":false},"excerpt":{"rendered":"<p>Un tiroteo en un colmado en San Francisco de Macor\u00eds dej\u00f3 una persona muerta y cuatro heridas la tarde de este lunes. El incidente ocurri\u00f3 en la bodega Junior, ubicada en el sector Santa Ana, cuando un agente policial abri\u00f3 fuego durante una acalorada discusi\u00f3n. Seg\u00fan las informaciones, el agresor dispar\u00f3 contra varias personas antes [&hellip;]<\/p>\n","protected":false},"author":2,"featured_media":70731,"comment_status":"open","ping_status":"open","sticky":false,"template":"","format":"standard","meta":{"footnotes":""},"categories":[44],"tags":[845,939,58],"class_list":{"0":"post-70730","1":"post","2":"type-post","3":"status-publish","4":"format-standard","5":"has-post-thumbnail","7":"category-actualidad","8":"tag-ahora-mas-rd","9":"tag-cada-minuto-una-verdad","10":"tag-republica-dominicana"},"aioseo_notices":[],"amp_enabled":true,"_links":{"self":[{"href":"https:\/\/ahoramasrd.com.do\/index.php?rest_route=\/wp\/v2\/posts\/70730","targetHints":{"allow":["GET"]}}],"collection":[{"href":"https:\/\/ahoramasrd.com.do\/index.php?rest_route=\/wp\/v2\/posts"}],"about":[{"href":"https:\/\/ahoramasrd.com.do\/index.php?rest_route=\/wp\/v2\/types\/post"}],"author":[{"embeddable":true,"href":"https:\/\/ahoramasrd.com.do\/index.php?rest_route=\/wp\/v2\/users\/2"}],"replies":[{"embeddable":true,"href":"https:\/\/ahoramasrd.com.do\/index.php?rest_route=%2Fwp%2Fv2%2Fcomments&post=70730"}],"version-history":[{"count":0,"href":"https:\/\/ahoramasrd.com.do\/index.php?rest_route=\/wp\/v2\/posts\/70730\/revisions"}],"wp:featuredmedia":[{"embeddable":true,"href":"https:\/\/ahoramasrd.com.do\/index.php?rest_route=\/"}],"wp:attachment":[{"href":"https:\/\/ahoramasrd.com.do\/index.php?rest_route=%2Fwp%2Fv2%2Fmedia&parent=70730"}],"wp:term":[{"taxonomy":"category","embeddable":true,"href":"https:\/\/ahoramasrd.com.do\/index.php?rest_route=%2Fwp%2Fv2%2Fcategories&post=70730"},{"taxonomy":"post_tag","embeddable":true,"href":"https:\/\/ahoramasrd.com.do\/index.php?rest_route=%2Fwp%2Fv2%2Ftags&post=70730"}],"curies":[{"name":"wp","href":"https:\/\/api.w.org\/{rel}","templated":true}]}}