{"id":70805,"date":"2024-09-07T18:42:43","date_gmt":"2024-09-07T22:42:43","guid":{"rendered":"https:\/\/ahoramasrd.com.do\/?p=70805"},"modified":"2024-09-07T18:42:44","modified_gmt":"2024-09-07T22:42:44","slug":"vinicio-castillo-critica-actitud-de-omar-fernandez-y-dice-que-esta-perfumando-el-barrilito","status":"publish","type":"post","link":"https:\/\/ahoramasrd.com.do\/?p=70805","title":{"rendered":"Vinicio Castillo critica actitud de Omar Fern\u00e1ndez y dice que est\u00e1 \"perfumando el Barrilito\""},"content":{"rendered":"\n<p>El dirigente pol\u00edtico Vinicio Castillo expres\u00f3 fuertes cr\u00edticas al senador del Distrito Nacional, Omar Fern\u00e1ndez, a trav\u00e9s de su cuenta de X, se\u00f1alando la falta de acci\u00f3n del senador en temas claves para la defensa de la Rep\u00fablica Dominicana, como la inscripci\u00f3n masiva de inmigrantes haitianos ilegales en las escuelas y la invasi\u00f3n de parturientas haitianas en los hospitales dominicanos.<\/p>\n\n\n\n<p>En su mensaje, Castillo afirm\u00f3 que, de haber una postura m\u00e1s firme por parte de Fern\u00e1ndez en estos asuntos, lo respaldar\u00eda completamente.<\/p>\n\n\n\n<p>Sin embargo, lo acus\u00f3 de estar \u201causente\u201d y centrado en \u201cperfumando el Barrilito\u201d para mejorar su imagen con miras a una candidatura presidencial en 2028. Castillo calific\u00f3 estas acciones como \u201cpolitiquer\u00eda clientelista\u201d propia de la vieja pol\u00edtica.<\/p>\n","protected":false},"excerpt":{"rendered":"<p>El dirigente pol\u00edtico Vinicio Castillo expres\u00f3 fuertes cr\u00edticas al senador del Distrito Nacional, Omar Fern\u00e1ndez, a trav\u00e9s de su cuenta de X, se\u00f1alando la falta de acci\u00f3n del senador en temas claves para la defensa de la Rep\u00fablica Dominicana, como la inscripci\u00f3n masiva de inmigrantes haitianos ilegales en las escuelas y la invasi\u00f3n de parturientas [&hellip;]<\/p>\n","protected":false},"author":2,"featured_media":70806,"comment_status":"open","ping_status":"open","sticky":false,"template":"","format":"standard","meta":{"footnotes":""},"categories":[44],"tags":[845,939,58],"class_list":{"0":"post-70805","1":"post","2":"type-post","3":"status-publish","4":"format-standard","5":"has-post-thumbnail","7":"category-actualidad","8":"tag-ahora-mas-rd","9":"tag-cada-minuto-una-verdad","10":"tag-republica-dominicana"},"aioseo_notices":[],"amp_enabled":true,"_links":{"self":[{"href":"https:\/\/ahoramasrd.com.do\/index.php?rest_route=\/wp\/v2\/posts\/70805","targetHints":{"allow":["GET"]}}],"collection":[{"href":"https:\/\/ahoramasrd.com.do\/index.php?rest_route=\/wp\/v2\/posts"}],"about":[{"href":"https:\/\/ahoramasrd.com.do\/index.php?rest_route=\/wp\/v2\/types\/post"}],"author":[{"embeddable":true,"href":"https:\/\/ahoramasrd.com.do\/index.php?rest_route=\/wp\/v2\/users\/2"}],"replies":[{"embeddable":true,"href":"https:\/\/ahoramasrd.com.do\/index.php?rest_route=%2Fwp%2Fv2%2Fcomments&post=70805"}],"version-history":[{"count":0,"href":"https:\/\/ahoramasrd.com.do\/index.php?rest_route=\/wp\/v2\/posts\/70805\/revisions"}],"wp:featuredmedia":[{"embeddable":true,"href":"https:\/\/ahoramasrd.com.do\/index.php?rest_route=\/"}],"wp:attachment":[{"href":"https:\/\/ahoramasrd.com.do\/index.php?rest_route=%2Fwp%2Fv2%2Fmedia&parent=70805"}],"wp:term":[{"taxonomy":"category","embeddable":true,"href":"https:\/\/ahoramasrd.com.do\/index.php?rest_route=%2Fwp%2Fv2%2Fcategories&post=70805"},{"taxonomy":"post_tag","embeddable":true,"href":"https:\/\/ahoramasrd.com.do\/index.php?rest_route=%2Fwp%2Fv2%2Ftags&post=70805"}],"curies":[{"name":"wp","href":"https:\/\/api.w.org\/{rel}","templated":true}]}}