{"id":70811,"date":"2024-09-07T19:43:48","date_gmt":"2024-09-07T23:43:48","guid":{"rendered":"https:\/\/ahoramasrd.com.do\/?p=70811"},"modified":"2024-09-07T19:43:50","modified_gmt":"2024-09-07T23:43:50","slug":"los-teteos-y-la-delincuencia-se-redujeron-en-un-80-valoran-positivamente-operativo-de-intervencion","status":"publish","type":"post","link":"https:\/\/ahoramasrd.com.do\/?p=70811","title":{"rendered":"\"Los teteos y la delincuencia se redujeron en un 80%\"; valoran positivamente operativo de intervenci\u00f3n"},"content":{"rendered":"\n<p>Ciudadanos consultados por RC Noticias valoraron este s\u00e1bado de positivo el lanzamiento del operativo de \u201cIntervenci\u00f3n Conjunta y Coordinada en Sectores Priorizados del Distrito Nacional\u201d, con el objetivo de fortalecer la seguridad y el orden en \u00e1reas clave de la ciudad.<\/p>\n\n\n\n<p>En ese mismo sentido aseguraron que la delincuencia y los teteo se redujeron casi en un 80% por la vigilancia de los agentes policiales en los barrios como parte del operativo.<\/p>\n\n\n\n<p>\u201cAyer se observaba un amplio operativo aqu\u00ed en Villa Francisca. Los esc\u00e1ndalo de los teteo se redujeron casi en un 80%. La delincuencia en el d\u00eda de ayer fue pr\u00e1cticamente cero\u201d, expres\u00f3 V\u00edctor Manuel Rojas.<\/p>\n\n\n\n<p>Asimismo Pablo asegur\u00f3 que el operativo vas a reducir el \u00edndice de criminalidad y delincuencia que afecta a los barrios de la capital.<\/p>\n\n\n\n<p>\u201cEl operativo fue muy bien. Creo que vas a reducir la delincuencia en los barrios\u201d, afirm\u00f3.<\/p>\n\n\n\n<p>Para Ram\u00f3n, quien tiene un colmado en Villa Francisca, dijo que el operativo va a reducir un \u201cchin\u201d el auge de la delincuencia y criminalidad.<\/p>\n\n\n\n<p>Por otra parte Jorge Luis expres\u00f3, que \u201cPor m\u00e1s que trabajen los polic\u00edas, la delincuencia nunca se acaba en nuestro pa\u00eds\u201d.<\/p>\n\n\n\n<p>Asimismo agreg\u00f3 que hay un flujo de polic\u00edas grande y bueno en los barrios para garantizar la seguridad a los dominicanos.<\/p>\n\n\n\n<p>En el lugar pudimos observar una patrulla policial deteniendo a los motores que transitan sin documentos.<\/p>\n\n\n\n<p>La \u201cOperaci\u00f3n Garant\u00eda de Paz\u201d es un esfuerzo conjunto en el que participan el Ministerio P\u00fablico, la Polic\u00eda Nacional, el Ministerio de Defensa (MIDE), las Fuerzas A\u00e9rea y Armada, el Ej\u00e9rcito de la Rep\u00fablica Dominicana, el Comando Conjunto Metropolitano, la Direcci\u00f3n Nacional de Control de Drogas (DNCD), la Direcci\u00f3n Central de Prevenci\u00f3n y las Direcciones Centrales de Investigaci\u00f3n e Inteligencia de la Polic\u00eda Nacional.<\/p>\n\n\n\n<p>El operativo, que inici\u00f3 este viernes, se extender\u00e1 el s\u00e1bado, a las 3 de la tarde y concentrar\u00e1 los sectores de Villa Francisca, Villas Agr\u00edcolas, Villa Consuelo, Villa Juana, Ensanche la Fe y Cristo Rey.<\/p>\n\n\n\n<p>Las acciones estar\u00e1n enfocadas especialmente en los lugares de expendio de bebidas alcoh\u00f3licas, tales como drinks, discotecas, colmadones y espacios p\u00fablicos, que generan inquietud entre los residentes de estos barrios.<\/p>\n","protected":false},"excerpt":{"rendered":"<p>Ciudadanos consultados por RC Noticias valoraron este s\u00e1bado de positivo el lanzamiento del operativo de \u201cIntervenci\u00f3n Conjunta y Coordinada en Sectores Priorizados del Distrito Nacional\u201d, con el objetivo de fortalecer la seguridad y el orden en \u00e1reas clave de la ciudad. En ese mismo sentido aseguraron que la delincuencia y los teteo se redujeron casi [&hellip;]<\/p>\n","protected":false},"author":2,"featured_media":70812,"comment_status":"open","ping_status":"open","sticky":false,"template":"","format":"standard","meta":{"footnotes":""},"categories":[44],"tags":[845,939,58],"class_list":{"0":"post-70811","1":"post","2":"type-post","3":"status-publish","4":"format-standard","5":"has-post-thumbnail","7":"category-actualidad","8":"tag-ahora-mas-rd","9":"tag-cada-minuto-una-verdad","10":"tag-republica-dominicana"},"aioseo_notices":[],"amp_enabled":true,"_links":{"self":[{"href":"https:\/\/ahoramasrd.com.do\/index.php?rest_route=\/wp\/v2\/posts\/70811","targetHints":{"allow":["GET"]}}],"collection":[{"href":"https:\/\/ahoramasrd.com.do\/index.php?rest_route=\/wp\/v2\/posts"}],"about":[{"href":"https:\/\/ahoramasrd.com.do\/index.php?rest_route=\/wp\/v2\/types\/post"}],"author":[{"embeddable":true,"href":"https:\/\/ahoramasrd.com.do\/index.php?rest_route=\/wp\/v2\/users\/2"}],"replies":[{"embeddable":true,"href":"https:\/\/ahoramasrd.com.do\/index.php?rest_route=%2Fwp%2Fv2%2Fcomments&post=70811"}],"version-history":[{"count":0,"href":"https:\/\/ahoramasrd.com.do\/index.php?rest_route=\/wp\/v2\/posts\/70811\/revisions"}],"wp:featuredmedia":[{"embeddable":true,"href":"https:\/\/ahoramasrd.com.do\/index.php?rest_route=\/"}],"wp:attachment":[{"href":"https:\/\/ahoramasrd.com.do\/index.php?rest_route=%2Fwp%2Fv2%2Fmedia&parent=70811"}],"wp:term":[{"taxonomy":"category","embeddable":true,"href":"https:\/\/ahoramasrd.com.do\/index.php?rest_route=%2Fwp%2Fv2%2Fcategories&post=70811"},{"taxonomy":"post_tag","embeddable":true,"href":"https:\/\/ahoramasrd.com.do\/index.php?rest_route=%2Fwp%2Fv2%2Ftags&post=70811"}],"curies":[{"name":"wp","href":"https:\/\/api.w.org\/{rel}","templated":true}]}}